{"id":534,"date":"2010-11-10T08:00:00","date_gmt":"2010-11-10T07:00:00","guid":{"rendered":"http:\/\/tv-tregor.com\/web-precedent\/2010\/11\/10\/une-premiere-pierre-pour-un-edifice-attendu-310\/"},"modified":"2010-11-10T08:00:00","modified_gmt":"2010-11-10T07:00:00","slug":"une-premiere-pierre-pour-un-edifice-attendu-310","status":"publish","type":"post","link":"https:\/\/tv-tregor.com\/web-precedent\/2010\/11\/10\/une-premiere-pierre-pour-un-edifice-attendu-310\/","title":{"rendered":"Une premi\u00e8re pierre pour un \u00e9difice attendu &#8211; 3&rsquo;10"},"content":{"rendered":"<p><a href=\"https:\/\/tv-tregor.com\/web-precedent\/www\/streams\/maisonemploi.html\" title=\"Regarder le sujet\">Regarder la vid\u00e9o <\/a><\/p>\n<p><a href=\"http:\/\/www.tv-tregor.com\/web-precedent\/www\/streams\/maisonemploi.html\" title=\"Regarder le sujet\"><img decoding=\"async\" src=\"https:\/\/tv-tregor.com\/web-precedent\/IMG\/jpg\/maisonemploig.jpg\" alt=\"maisonemploig.jpg\" align=\"center\" \/><\/a> <\/p>\n<p> <BR>  Quatre ann\u00e9es apr\u00e8s le lancement du dossier, la premi\u00e8re pierre de la future maison de l&#8217;emploi et de la formation professionnelle a \u00e9t\u00e9 pos\u00e9e vendredi 22 octobre dernier.  Une structure qui regroupera les principaux acteurs de l&#8217;emploi du Pays de Tr\u00e9gor-Go\u00eblo et qui aura pour but de simplifier les d\u00e9marches et gagner du temps.  Explications.<\/p>\n","protected":false},"excerpt":{"rendered":"<p><a href=\"https:\/\/tv-tregor.com\/web-precedent\/www\/streams\/maisonemploi.html\" title=\"Regarder le sujet\">Regarder la vid\u00e9o <\/a><\/p>\n<p><a href=\"http:\/\/www.tv-tregor.com\/web-precedent\/www\/streams\/maisonemploi.html\" title=\"Regarder le sujet\"><img decoding=\"async\" src=\"https:\/\/tv-tregor.com\/web-precedent\/IMG\/jpg\/maisonemploig.jpg\" alt=\"maisonemploig.jpg\" align=\"center\" \/><\/a> <\/p>\n<p> <BR> Quatre ann\u00e9es apr\u00e8s le lancement du dossier, la premi\u00e8re pierre de la future maison de l&#8217;emploi et de la  \u2026  <a href=\"https:\/\/tv-tregor.com\/web-precedent\/2010\/11\/10\/une-premiere-pierre-pour-un-edifice-attendu-310\/\">&#8230;lire le sujet&#8230; <span class=\"meta-nav\">&rarr; <\/span><\/a><\/p>\n","protected":false},"author":1,"featured_media":0,"comment_status":"open","ping_status":"open","sticky":false,"template":"","format":"standard","meta":{"footnotes":""},"categories":[2],"tags":[],"class_list":["post-534","post","type-post","status-publish","format-standard","hentry","category-info-locale"],"_links":{"self":[{"href":"https:\/\/tv-tregor.com\/web-precedent\/wp-json\/wp\/v2\/posts\/534","targetHints":{"allow":["GET"]}}],"collection":[{"href":"https:\/\/tv-tregor.com\/web-precedent\/wp-json\/wp\/v2\/posts"}],"about":[{"href":"https:\/\/tv-tregor.com\/web-precedent\/wp-json\/wp\/v2\/types\/post"}],"author":[{"embeddable":true,"href":"https:\/\/tv-tregor.com\/web-precedent\/wp-json\/wp\/v2\/users\/1"}],"replies":[{"embeddable":true,"href":"https:\/\/tv-tregor.com\/web-precedent\/wp-json\/wp\/v2\/comments?post=534"}],"version-history":[{"count":0,"href":"https:\/\/tv-tregor.com\/web-precedent\/wp-json\/wp\/v2\/posts\/534\/revisions"}],"wp:attachment":[{"href":"https:\/\/tv-tregor.com\/web-precedent\/wp-json\/wp\/v2\/media?parent=534"}],"wp:term":[{"taxonomy":"category","embeddable":true,"href":"https:\/\/tv-tregor.com\/web-precedent\/wp-json\/wp\/v2\/categories?post=534"},{"taxonomy":"post_tag","embeddable":true,"href":"https:\/\/tv-tregor.com\/web-precedent\/wp-json\/wp\/v2\/tags?post=534"}],"curies":[{"name":"wp","href":"https:\/\/api.w.org\/{rel}","templated":true}]}}