{"id":533,"date":"2010-11-10T07:55:00","date_gmt":"2010-11-10T06:55:00","guid":{"rendered":"http:\/\/tv-tregor.com\/web-precedent\/2010\/11\/10\/liaison-douce-414\/"},"modified":"2010-11-10T07:55:00","modified_gmt":"2010-11-10T06:55:00","slug":"liaison-douce-414","status":"publish","type":"post","link":"https:\/\/tv-tregor.com\/web-precedent\/2010\/11\/10\/liaison-douce-414\/","title":{"rendered":"Liaison douce &#8211; 4&rsquo;14"},"content":{"rendered":"<p><a href=\"https:\/\/tv-tregor.com\/web-precedent\/www\/streams\/voiedouce.html\" title=\"Regarder le sujet\">Regarder la vid\u00e9o <\/a><\/p>\n<p><a href=\"http:\/\/www.tv-tregor.com\/web-precedent\/www\/streams\/voiedouce.html\" title=\"Regarder le sujet\"><img decoding=\"async\" src=\"https:\/\/tv-tregor.com\/web-precedent\/IMG\/jpg\/voiedouceg.jpg\" alt=\"voiedouceg.jpg\" align=\"center\" \/><\/a> <\/p>\n<p> <BR> Autre inauguration mais cette fois entre les communes de Tr\u00e9l\u00e9vern et Tr\u00e9vou-Tr\u00e9guignec. Vendredi 22 octobre dernier \u00e9tait organis\u00e9e une c\u00e9r\u00e9monie en l&rsquo;honneur de la voie douce r\u00e9alis\u00e9e entre les deux communes.  Notion d&#8217;empreinte \u00e9cologique, de d\u00e9veloppement durable, d\u00e9veloppement du plan v\u00e9lo, s\u00e9curisation des voies d\u00e9partementales&#8230;Ce chemin n&rsquo;est pas un simple couloir.  Explications.<\/p>\n","protected":false},"excerpt":{"rendered":"<p><a href=\"https:\/\/tv-tregor.com\/web-precedent\/www\/streams\/voiedouce.html\" title=\"Regarder le sujet\">Regarder la vid\u00e9o <\/a><\/p>\n<p><a href=\"http:\/\/www.tv-tregor.com\/web-precedent\/www\/streams\/voiedouce.html\" title=\"Regarder le sujet\"><img decoding=\"async\" src=\"https:\/\/tv-tregor.com\/web-precedent\/IMG\/jpg\/voiedouceg.jpg\" alt=\"voiedouceg.jpg\" align=\"center\" \/><\/a> <\/p>\n<p> <BR> Autre inauguration mais cette fois entre les communes de Tr\u00e9l\u00e9vern et Tr\u00e9vou-Tr\u00e9guignec. Vendredi 22 octobre dernier \u00e9tait organis\u00e9e une  \u2026  <a href=\"https:\/\/tv-tregor.com\/web-precedent\/2010\/11\/10\/liaison-douce-414\/\">&#8230;lire le sujet&#8230; <span class=\"meta-nav\">&rarr; <\/span><\/a><\/p>\n","protected":false},"author":1,"featured_media":0,"comment_status":"open","ping_status":"open","sticky":false,"template":"","format":"standard","meta":{"footnotes":""},"categories":[2],"tags":[],"class_list":["post-533","post","type-post","status-publish","format-standard","hentry","category-info-locale"],"_links":{"self":[{"href":"https:\/\/tv-tregor.com\/web-precedent\/wp-json\/wp\/v2\/posts\/533","targetHints":{"allow":["GET"]}}],"collection":[{"href":"https:\/\/tv-tregor.com\/web-precedent\/wp-json\/wp\/v2\/posts"}],"about":[{"href":"https:\/\/tv-tregor.com\/web-precedent\/wp-json\/wp\/v2\/types\/post"}],"author":[{"embeddable":true,"href":"https:\/\/tv-tregor.com\/web-precedent\/wp-json\/wp\/v2\/users\/1"}],"replies":[{"embeddable":true,"href":"https:\/\/tv-tregor.com\/web-precedent\/wp-json\/wp\/v2\/comments?post=533"}],"version-history":[{"count":0,"href":"https:\/\/tv-tregor.com\/web-precedent\/wp-json\/wp\/v2\/posts\/533\/revisions"}],"wp:attachment":[{"href":"https:\/\/tv-tregor.com\/web-precedent\/wp-json\/wp\/v2\/media?parent=533"}],"wp:term":[{"taxonomy":"category","embeddable":true,"href":"https:\/\/tv-tregor.com\/web-precedent\/wp-json\/wp\/v2\/categories?post=533"},{"taxonomy":"post_tag","embeddable":true,"href":"https:\/\/tv-tregor.com\/web-precedent\/wp-json\/wp\/v2\/tags?post=533"}],"curies":[{"name":"wp","href":"https:\/\/api.w.org\/{rel}","templated":true}]}}