{"id":523,"date":"2010-09-01T08:00:00","date_gmt":"2010-09-01T07:00:00","guid":{"rendered":"http:\/\/tv-tregor.com\/web-precedent\/2010\/09\/01\/la-fibromyalgie-7\/"},"modified":"2010-09-01T08:00:00","modified_gmt":"2010-09-01T07:00:00","slug":"la-fibromyalgie-7","status":"publish","type":"post","link":"https:\/\/tv-tregor.com\/web-precedent\/2010\/09\/01\/la-fibromyalgie-7\/","title":{"rendered":"La fibromyalgie &#8211; 7&prime;"},"content":{"rendered":"<p><a href=\"https:\/\/tv-tregor.com\/web-precedent\/www\/streams\/fibromyalgie.html\" title=\"Regarder le sujet\">Regarder la vid\u00e9o <\/a><\/p>\n<p><a href=\"http:\/\/www.tv-tregor.com\/web-precedent\/www\/streams\/fibromyalgie.html\" title=\"Regarder le sujet\"><img decoding=\"async\" src=\"https:\/\/tv-tregor.com\/web-precedent\/IMG\/jpg\/fibromyalgieg.jpg\" alt=\"fibromyalgieg.jpg\" align=\"center\" \/><\/a> <\/p>\n<p> <BR>  Peu connue et donc controvers\u00e9e en Europe, la fibromyalgie a pourtant \u00e9t\u00e9 reconnue par l&rsquo;Organisation mondiale de la Sant\u00e9 en 1992 comme rhumatismale.  Elle concernerait entre 2 et 5 % de la population.   Mais contrairement \u00e0 ce que l&rsquo;on pourrait croire, ce n&rsquo;est pas une maladie mais un \u00e9tat. Un \u00e9tat qui touche plus particuli\u00e8rement les femmes \u00e2g\u00e9es de 35 \u00e0 45 ans.   Fatigue, douleurs diffuses dans tout le corps, troubles du sommeil, de la m\u00e9moire, anxi\u00e9t\u00e9 et d\u00e9pression sont quelques uns des nombreux sympt\u00f4mes. Pour les soigner, c&rsquo;est la globalit\u00e9 du patient qui est prise en compte.   Explications. <\/p>\n","protected":false},"excerpt":{"rendered":"<p><a href=\"https:\/\/tv-tregor.com\/web-precedent\/www\/streams\/fibromyalgie.html\" title=\"Regarder le sujet\">Regarder la vid\u00e9o <\/a><\/p>\n<p><a href=\"http:\/\/www.tv-tregor.com\/web-precedent\/www\/streams\/fibromyalgie.html\" title=\"Regarder le sujet\"><img decoding=\"async\" src=\"https:\/\/tv-tregor.com\/web-precedent\/IMG\/jpg\/fibromyalgieg.jpg\" alt=\"fibromyalgieg.jpg\" align=\"center\" \/><\/a> <\/p>\n<p> <BR> Peu connue et donc controvers\u00e9e en Europe, la fibromyalgie a pourtant \u00e9t\u00e9 reconnue par l&rsquo;Organisation mondiale de la Sant\u00e9  \u2026  <a href=\"https:\/\/tv-tregor.com\/web-precedent\/2010\/09\/01\/la-fibromyalgie-7\/\">&#8230;lire le sujet&#8230; <span class=\"meta-nav\">&rarr; <\/span><\/a><\/p>\n","protected":false},"author":1,"featured_media":0,"comment_status":"open","ping_status":"open","sticky":false,"template":"","format":"standard","meta":{"footnotes":""},"categories":[2],"tags":[],"class_list":["post-523","post","type-post","status-publish","format-standard","hentry","category-info-locale"],"_links":{"self":[{"href":"https:\/\/tv-tregor.com\/web-precedent\/wp-json\/wp\/v2\/posts\/523","targetHints":{"allow":["GET"]}}],"collection":[{"href":"https:\/\/tv-tregor.com\/web-precedent\/wp-json\/wp\/v2\/posts"}],"about":[{"href":"https:\/\/tv-tregor.com\/web-precedent\/wp-json\/wp\/v2\/types\/post"}],"author":[{"embeddable":true,"href":"https:\/\/tv-tregor.com\/web-precedent\/wp-json\/wp\/v2\/users\/1"}],"replies":[{"embeddable":true,"href":"https:\/\/tv-tregor.com\/web-precedent\/wp-json\/wp\/v2\/comments?post=523"}],"version-history":[{"count":0,"href":"https:\/\/tv-tregor.com\/web-precedent\/wp-json\/wp\/v2\/posts\/523\/revisions"}],"wp:attachment":[{"href":"https:\/\/tv-tregor.com\/web-precedent\/wp-json\/wp\/v2\/media?parent=523"}],"wp:term":[{"taxonomy":"category","embeddable":true,"href":"https:\/\/tv-tregor.com\/web-precedent\/wp-json\/wp\/v2\/categories?post=523"},{"taxonomy":"post_tag","embeddable":true,"href":"https:\/\/tv-tregor.com\/web-precedent\/wp-json\/wp\/v2\/tags?post=523"}],"curies":[{"name":"wp","href":"https:\/\/api.w.org\/{rel}","templated":true}]}}