{"id":518,"date":"2010-08-18T08:00:00","date_gmt":"2010-08-18T07:00:00","guid":{"rendered":"http:\/\/tv-tregor.com\/web-precedent\/2010\/08\/18\/le-documentaire-serait-a-la-fiction-ce-que-lessai-est-au-roman-630\/"},"modified":"2010-08-18T08:00:00","modified_gmt":"2010-08-18T07:00:00","slug":"le-documentaire-serait-a-la-fiction-ce-que-lessai-est-au-roman-630","status":"publish","type":"post","link":"https:\/\/tv-tregor.com\/web-precedent\/2010\/08\/18\/le-documentaire-serait-a-la-fiction-ce-que-lessai-est-au-roman-630\/","title":{"rendered":"\u00a0\u00bb Le documentaire serait \u00e0 la fiction ce que l&rsquo;essai est au roman \u00a0\u00bb &#8211; 6&rsquo;30"},"content":{"rendered":"<p><a href=\"https:\/\/tv-tregor.com\/web-precedent\/www\/streams\/realisateur.html\" title=\"Regarder le sujet\">Regarder la vid\u00e9o <\/a><\/p>\n<p><a href=\"http:\/\/www.tv-tregor.com\/web-precedent\/www\/streams\/realisateur.html\" title=\"Regarder le sujet\"><img decoding=\"async\" src=\"https:\/\/tv-tregor.com\/web-precedent\/IMG\/jpg\/realisateurg.jpg\" alt=\"realisateurg.jpg\" align=\"center\" \/><\/a> <\/p>\n<p> <BR> L&rsquo; association Ar Royo, soucieuse de faire d\u00e9couvrir des talents locaux, a organis\u00e9 une soir\u00e9e projection de documentaires. Car oui, il existe dans le Tr\u00e9gor des r\u00e9alisateurs.   Ainsi, cinq films ont \u00e9t\u00e9 propos\u00e9s aux spectateurs, histoire de partager un travail minutieux, concluant deux ann\u00e9es remplies pour les cr\u00e9ateurs. Car en effet, un documentaire ne se r\u00e9sume pas \u00e0 sa finalit\u00e9. Avant, plusieurs \u00e9tapes se sont, parfois, enchev\u00eatr\u00e9es : le tournage, le montage, la post-production&#8230;  Trois r\u00e9alisateurs, Alan L&rsquo;Estim\u00e9 de la Soci\u00e9t\u00e9 \u00a0\u00bb Les Films du Petit Furet \u00ab\u00a0, Yannick Ch\u00e9rel et Philippe Berthelot, pour trois mani\u00e8res diff\u00e9rentes de tourner.   Ainsi, les spectateurs ont p\u00fb se d\u00e9lecter devant les mimiques des limicoles, passer une ann\u00e9e avec l&rsquo;association Ram-Atao, s&rsquo;effrayer devant la valse lente du requin p\u00e9lerin, d\u00e9couvrir la vie difficile de la tortue et le destin, parfois tragique, des cormorans.   Rencontre avec les r\u00e9alisateurs.  Une derni\u00e8re chose : le prochain rendez-vous de l&rsquo;association Ar Royo est pr\u00e9vue le samedi 21 ao\u00fbt prochain avec la seconde \u00e9dition de son \u00a0\u00bb Chili con cocos\u00a0\u00bb. Avis aux talents locaux ! <\/p>\n","protected":false},"excerpt":{"rendered":"<p><a href=\"https:\/\/tv-tregor.com\/web-precedent\/www\/streams\/realisateur.html\" title=\"Regarder le sujet\">Regarder la vid\u00e9o <\/a><\/p>\n<p><a href=\"http:\/\/www.tv-tregor.com\/web-precedent\/www\/streams\/realisateur.html\" title=\"Regarder le sujet\"><img decoding=\"async\" src=\"https:\/\/tv-tregor.com\/web-precedent\/IMG\/jpg\/realisateurg.jpg\" alt=\"realisateurg.jpg\" align=\"center\" \/><\/a> <\/p>\n<p> <BR> L&rsquo; association Ar Royo, soucieuse de faire d\u00e9couvrir des talents locaux, a organis\u00e9 une soir\u00e9e projection de documentaires. Car  \u2026  <a href=\"https:\/\/tv-tregor.com\/web-precedent\/2010\/08\/18\/le-documentaire-serait-a-la-fiction-ce-que-lessai-est-au-roman-630\/\">&#8230;lire le sujet&#8230; <span class=\"meta-nav\">&rarr; <\/span><\/a><\/p>\n","protected":false},"author":1,"featured_media":0,"comment_status":"open","ping_status":"open","sticky":false,"template":"","format":"standard","meta":{"footnotes":""},"categories":[52],"tags":[],"class_list":["post-518","post","type-post","status-publish","format-standard","hentry","category-les-acteurs-les-auteurs"],"_links":{"self":[{"href":"https:\/\/tv-tregor.com\/web-precedent\/wp-json\/wp\/v2\/posts\/518","targetHints":{"allow":["GET"]}}],"collection":[{"href":"https:\/\/tv-tregor.com\/web-precedent\/wp-json\/wp\/v2\/posts"}],"about":[{"href":"https:\/\/tv-tregor.com\/web-precedent\/wp-json\/wp\/v2\/types\/post"}],"author":[{"embeddable":true,"href":"https:\/\/tv-tregor.com\/web-precedent\/wp-json\/wp\/v2\/users\/1"}],"replies":[{"embeddable":true,"href":"https:\/\/tv-tregor.com\/web-precedent\/wp-json\/wp\/v2\/comments?post=518"}],"version-history":[{"count":0,"href":"https:\/\/tv-tregor.com\/web-precedent\/wp-json\/wp\/v2\/posts\/518\/revisions"}],"wp:attachment":[{"href":"https:\/\/tv-tregor.com\/web-precedent\/wp-json\/wp\/v2\/media?parent=518"}],"wp:term":[{"taxonomy":"category","embeddable":true,"href":"https:\/\/tv-tregor.com\/web-precedent\/wp-json\/wp\/v2\/categories?post=518"},{"taxonomy":"post_tag","embeddable":true,"href":"https:\/\/tv-tregor.com\/web-precedent\/wp-json\/wp\/v2\/tags?post=518"}],"curies":[{"name":"wp","href":"https:\/\/api.w.org\/{rel}","templated":true}]}}