{"id":516,"date":"2010-07-21T08:00:00","date_gmt":"2010-07-21T07:00:00","guid":{"rendered":"http:\/\/tv-tregor.com\/web-precedent\/2010\/07\/21\/championnat-descrime-de-bretagne-version-courte-ou-longue\/"},"modified":"2010-07-21T08:00:00","modified_gmt":"2010-07-21T07:00:00","slug":"championnat-descrime-de-bretagne-version-courte-ou-longue","status":"publish","type":"post","link":"https:\/\/tv-tregor.com\/web-precedent\/2010\/07\/21\/championnat-descrime-de-bretagne-version-courte-ou-longue\/","title":{"rendered":"Championnat d&rsquo;escrime de Bretagne &#8211; Version courte ou longue"},"content":{"rendered":"<\/p>\n<p>Le 6 juin dernier se tenait \u00e0 Saint-Brieuc, le championnat d&rsquo;escrime de Bretagne. Cette ann\u00e9e, une \u00e9quipe de Tv-Tr\u00e9gor a suivi deux des participants, Khaleb et Hugues, appartartenant \u00e0 l&rsquo;ASPTT de Lannion.  Une journ\u00e9e pleine de sensations o\u00f9 les mots d&rsquo;ordres \u00e9taient : concentration, agilit\u00e9 et endurance.  Retour avec deux reportages, l&rsquo;un en version courte et l&rsquo;autre en version longue.   <a href=\"http:\/\/www.tv-tregor.com\/web-precedent\/www\/streams\/escrime2010.html\">Voici la version courte &#8211; 7&rsquo;40<\/a>   <a href=\"http:\/\/www.tv-tregor.com\/web-precedent\/www\/streams\/escrime2010.html\" title=\"Regarder le sujet\"><img decoding=\"async\" src=\"https:\/\/tv-tregor.com\/web-precedent\/IMG\/jpg\/championnatescrimeg.jpg\" alt=\"championnatescrimeg.jpg\" align=\"center\" \/><\/a> <\/p>\n<p>    <a href=\"http:\/\/www.tv-tregor.com\/web-precedent\/www\/streams\/escrimevl.html\">Voici la version longue &#8211; 20&prime;<\/a>  <a href=\"http:\/\/www.tv-tregor.com\/web-precedent\/www\/streams\/escrimevl.html\" title=\"Regarder le sujet\"><img decoding=\"async\" src=\"https:\/\/tv-tregor.com\/web-precedent\/IMG\/jpg\/escrime2010g.jpg\" alt=\"escrime2010g.jpg\" align=\"center\" \/><\/a>     <\/p>\n","protected":false},"excerpt":{"rendered":"<\/p>\n<p>Le 6 juin dernier se tenait \u00e0 Saint-Brieuc, le championnat d&rsquo;escrime de Bretagne. Cette ann\u00e9e, une \u00e9quipe de Tv-Tr\u00e9gor a suivi deux des participants, Khaleb et Hugues, appartartenant \u00e0 l&rsquo;ASPTT de Lannion. Une journ\u00e9e pleine de sensations o\u00f9 les  \u2026  <a href=\"https:\/\/tv-tregor.com\/web-precedent\/2010\/07\/21\/championnat-descrime-de-bretagne-version-courte-ou-longue\/\">&#8230;lire le sujet&#8230; <span class=\"meta-nav\">&rarr; <\/span><\/a><\/p>\n","protected":false},"author":1,"featured_media":0,"comment_status":"open","ping_status":"open","sticky":false,"template":"","format":"standard","meta":{"footnotes":""},"categories":[38],"tags":[],"class_list":["post-516","post","type-post","status-publish","format-standard","hentry","category-sports"],"_links":{"self":[{"href":"https:\/\/tv-tregor.com\/web-precedent\/wp-json\/wp\/v2\/posts\/516","targetHints":{"allow":["GET"]}}],"collection":[{"href":"https:\/\/tv-tregor.com\/web-precedent\/wp-json\/wp\/v2\/posts"}],"about":[{"href":"https:\/\/tv-tregor.com\/web-precedent\/wp-json\/wp\/v2\/types\/post"}],"author":[{"embeddable":true,"href":"https:\/\/tv-tregor.com\/web-precedent\/wp-json\/wp\/v2\/users\/1"}],"replies":[{"embeddable":true,"href":"https:\/\/tv-tregor.com\/web-precedent\/wp-json\/wp\/v2\/comments?post=516"}],"version-history":[{"count":0,"href":"https:\/\/tv-tregor.com\/web-precedent\/wp-json\/wp\/v2\/posts\/516\/revisions"}],"wp:attachment":[{"href":"https:\/\/tv-tregor.com\/web-precedent\/wp-json\/wp\/v2\/media?parent=516"}],"wp:term":[{"taxonomy":"category","embeddable":true,"href":"https:\/\/tv-tregor.com\/web-precedent\/wp-json\/wp\/v2\/categories?post=516"},{"taxonomy":"post_tag","embeddable":true,"href":"https:\/\/tv-tregor.com\/web-precedent\/wp-json\/wp\/v2\/tags?post=516"}],"curies":[{"name":"wp","href":"https:\/\/api.w.org\/{rel}","templated":true}]}}