{"id":515,"date":"2010-07-07T08:00:00","date_gmt":"2010-07-07T07:00:00","guid":{"rendered":"http:\/\/tv-tregor.com\/web-precedent\/2010\/07\/07\/quand-le-theatre-se-met-au-service-de-la-langue-bretonne-6\/"},"modified":"2010-07-07T08:00:00","modified_gmt":"2010-07-07T07:00:00","slug":"quand-le-theatre-se-met-au-service-de-la-langue-bretonne-6","status":"publish","type":"post","link":"https:\/\/tv-tregor.com\/web-precedent\/2010\/07\/07\/quand-le-theatre-se-met-au-service-de-la-langue-bretonne-6\/","title":{"rendered":"Quand le th\u00e9\u00e2tre se met au service de la langue bretonne &#8211; 6&prime;"},"content":{"rendered":"<p><a href=\"https:\/\/tv-tregor.com\/web-precedent\/www\/streams\/theatrebreton.html\" title=\"Regarder le sujet\">Regarder la vid\u00e9o <\/a><\/p>\n<p><a href=\"http:\/\/www.tv-tregor.com\/web-precedent\/www\/streams\/theatrebreton.html\" title=\"Regarder le sujet\"><img decoding=\"async\" src=\"https:\/\/tv-tregor.com\/web-precedent\/IMG\/jpg\/theatreg.jpg\" alt=\"theatreg.jpg\" align=\"center\" \/><\/a> <\/p>\n<p> <BR>  Le 11 mai dernier, une repr\u00e9sentation th\u00e9\u00e2trale \u00e9tait donn\u00e9e dans la salle du Carr\u00e9 Magique.   Trois classes d&rsquo;\u00e9l\u00e8ves de l&rsquo;\u00e9cole Saint Roch accompagn\u00e9es de leurs professeurs et de com\u00e9diens professionnels proposaient leur projet ambitieux de fin d&rsquo;ann\u00e9e : une pi\u00e8ce en pusieurs actes et enti\u00e8rement en breton.   Une belle performance accomplie par les encadrants qui ont travaill\u00e9 toute l&rsquo;ann\u00e9e : \u00e9tudes de livres, d\u00e9clamation en breton, puis enfin maitrise de la langue&#8230; et le tout en s&rsquo;amusant!   Telle est la cl\u00e9 de l&rsquo;apprentissage.    Explications.<\/p>\n","protected":false},"excerpt":{"rendered":"<p><a href=\"https:\/\/tv-tregor.com\/web-precedent\/www\/streams\/theatrebreton.html\" title=\"Regarder le sujet\">Regarder la vid\u00e9o <\/a><\/p>\n<p><a href=\"http:\/\/www.tv-tregor.com\/web-precedent\/www\/streams\/theatrebreton.html\" title=\"Regarder le sujet\"><img decoding=\"async\" src=\"https:\/\/tv-tregor.com\/web-precedent\/IMG\/jpg\/theatreg.jpg\" alt=\"theatreg.jpg\" align=\"center\" \/><\/a> <\/p>\n<p> <BR> Le 11 mai dernier, une repr\u00e9sentation th\u00e9\u00e2trale \u00e9tait donn\u00e9e dans la salle du Carr\u00e9 Magique. Trois classes d&rsquo;\u00e9l\u00e8ves de  \u2026  <a href=\"https:\/\/tv-tregor.com\/web-precedent\/2010\/07\/07\/quand-le-theatre-se-met-au-service-de-la-langue-bretonne-6\/\">&#8230;lire le sujet&#8230; <span class=\"meta-nav\">&rarr; <\/span><\/a><\/p>\n","protected":false},"author":1,"featured_media":0,"comment_status":"open","ping_status":"open","sticky":false,"template":"","format":"standard","meta":{"footnotes":""},"categories":[14],"tags":[],"class_list":["post-515","post","type-post","status-publish","format-standard","hentry","category-culture"],"_links":{"self":[{"href":"https:\/\/tv-tregor.com\/web-precedent\/wp-json\/wp\/v2\/posts\/515","targetHints":{"allow":["GET"]}}],"collection":[{"href":"https:\/\/tv-tregor.com\/web-precedent\/wp-json\/wp\/v2\/posts"}],"about":[{"href":"https:\/\/tv-tregor.com\/web-precedent\/wp-json\/wp\/v2\/types\/post"}],"author":[{"embeddable":true,"href":"https:\/\/tv-tregor.com\/web-precedent\/wp-json\/wp\/v2\/users\/1"}],"replies":[{"embeddable":true,"href":"https:\/\/tv-tregor.com\/web-precedent\/wp-json\/wp\/v2\/comments?post=515"}],"version-history":[{"count":0,"href":"https:\/\/tv-tregor.com\/web-precedent\/wp-json\/wp\/v2\/posts\/515\/revisions"}],"wp:attachment":[{"href":"https:\/\/tv-tregor.com\/web-precedent\/wp-json\/wp\/v2\/media?parent=515"}],"wp:term":[{"taxonomy":"category","embeddable":true,"href":"https:\/\/tv-tregor.com\/web-precedent\/wp-json\/wp\/v2\/categories?post=515"},{"taxonomy":"post_tag","embeddable":true,"href":"https:\/\/tv-tregor.com\/web-precedent\/wp-json\/wp\/v2\/tags?post=515"}],"curies":[{"name":"wp","href":"https:\/\/api.w.org\/{rel}","templated":true}]}}