{"id":512,"date":"2010-06-23T08:00:00","date_gmt":"2010-06-23T07:00:00","guid":{"rendered":"http:\/\/tv-tregor.com\/web-precedent\/2010\/06\/23\/la-troisieme-edition-du-concours-creez-votre-tregor-goelo-a-lhorizon-2015-9\/"},"modified":"2010-06-23T08:00:00","modified_gmt":"2010-06-23T07:00:00","slug":"la-troisieme-edition-du-concours-creez-votre-tregor-goelo-a-lhorizon-2015-9","status":"publish","type":"post","link":"https:\/\/tv-tregor.com\/web-precedent\/2010\/06\/23\/la-troisieme-edition-du-concours-creez-votre-tregor-goelo-a-lhorizon-2015-9\/","title":{"rendered":"La troisi\u00e8me \u00e9dition du concours \u00a0\u00bb Cr\u00e9ez votre Tr\u00e9gor-Go\u00eblo \u00e0 l&rsquo;horizon 2015&Prime; &#8211; 9&prime;"},"content":{"rendered":"<p><a href=\"https:\/\/tv-tregor.com\/web-precedent\/www\/streams\/horizon.html\" title=\"Regarder le sujet\">Regarder la vid\u00e9o <\/a><\/p>\n<p><a href=\"http:\/\/www.tv-tregor.com\/web-precedent\/www\/streams\/horizon.html\" title=\"Regarder le sujet\"><img decoding=\"async\" src=\"https:\/\/tv-tregor.com\/web-precedent\/IMG\/jpg\/horizong.jpg\" alt=\"horizong.jpg\" align=\"center\" \/><\/a> <\/p>\n<p> <BR>   Comment voyez-vous l&rsquo;avenir de notre territoire dans 5 ou encore 10 ans ?\u00a0\u00bb Ce fut la question pos\u00e9e \u00e0 certains lyc\u00e9ens du Tr\u00e9gor-Go\u00eblo sur laquelle ils ont planch\u00e9.   R\u00e9sultat, des projets tourn\u00e9s sur le th\u00e8me de l&rsquo;environnement avec les hydroliennes ou l&rsquo;\u00e9nergie des vagues, par exemple. De bonnes id\u00e9es qui peuvent, parfois, servir de base \u00e0 la r\u00e9flexion des \u00e9lus.   Retour sur l&rsquo;\u00e9v\u00e8nement avec les trois laur\u00e9ats.   <\/p>\n","protected":false},"excerpt":{"rendered":"<p><a href=\"https:\/\/tv-tregor.com\/web-precedent\/www\/streams\/horizon.html\" title=\"Regarder le sujet\">Regarder la vid\u00e9o <\/a><\/p>\n<p><a href=\"http:\/\/www.tv-tregor.com\/web-precedent\/www\/streams\/horizon.html\" title=\"Regarder le sujet\"><img decoding=\"async\" src=\"https:\/\/tv-tregor.com\/web-precedent\/IMG\/jpg\/horizong.jpg\" alt=\"horizong.jpg\" align=\"center\" \/><\/a> <\/p>\n<p> <BR> Comment voyez-vous l&rsquo;avenir de notre territoire dans 5 ou encore 10 ans ?\u00a0\u00bb Ce fut la question pos\u00e9e \u00e0  \u2026  <a href=\"https:\/\/tv-tregor.com\/web-precedent\/2010\/06\/23\/la-troisieme-edition-du-concours-creez-votre-tregor-goelo-a-lhorizon-2015-9\/\">&#8230;lire le sujet&#8230; <span class=\"meta-nav\">&rarr; <\/span><\/a><\/p>\n","protected":false},"author":1,"featured_media":0,"comment_status":"open","ping_status":"open","sticky":false,"template":"","format":"standard","meta":{"footnotes":""},"categories":[2],"tags":[],"class_list":["post-512","post","type-post","status-publish","format-standard","hentry","category-info-locale"],"_links":{"self":[{"href":"https:\/\/tv-tregor.com\/web-precedent\/wp-json\/wp\/v2\/posts\/512","targetHints":{"allow":["GET"]}}],"collection":[{"href":"https:\/\/tv-tregor.com\/web-precedent\/wp-json\/wp\/v2\/posts"}],"about":[{"href":"https:\/\/tv-tregor.com\/web-precedent\/wp-json\/wp\/v2\/types\/post"}],"author":[{"embeddable":true,"href":"https:\/\/tv-tregor.com\/web-precedent\/wp-json\/wp\/v2\/users\/1"}],"replies":[{"embeddable":true,"href":"https:\/\/tv-tregor.com\/web-precedent\/wp-json\/wp\/v2\/comments?post=512"}],"version-history":[{"count":0,"href":"https:\/\/tv-tregor.com\/web-precedent\/wp-json\/wp\/v2\/posts\/512\/revisions"}],"wp:attachment":[{"href":"https:\/\/tv-tregor.com\/web-precedent\/wp-json\/wp\/v2\/media?parent=512"}],"wp:term":[{"taxonomy":"category","embeddable":true,"href":"https:\/\/tv-tregor.com\/web-precedent\/wp-json\/wp\/v2\/categories?post=512"},{"taxonomy":"post_tag","embeddable":true,"href":"https:\/\/tv-tregor.com\/web-precedent\/wp-json\/wp\/v2\/tags?post=512"}],"curies":[{"name":"wp","href":"https:\/\/api.w.org\/{rel}","templated":true}]}}