{"id":504,"date":"2010-05-19T08:00:00","date_gmt":"2010-05-19T07:00:00","guid":{"rendered":"http:\/\/tv-tregor.com\/web-precedent\/2010\/05\/19\/ola-kala-de-la-troupe-des-arts-sauts-3750\/"},"modified":"2010-05-19T08:00:00","modified_gmt":"2010-05-19T07:00:00","slug":"ola-kala-de-la-troupe-des-arts-sauts-3750","status":"publish","type":"post","link":"https:\/\/tv-tregor.com\/web-precedent\/2010\/05\/19\/ola-kala-de-la-troupe-des-arts-sauts-3750\/","title":{"rendered":"Ola Kala de la troupe des Arts Sauts &#8211; 37&rsquo;50"},"content":{"rendered":"<p><a href=\"https:\/\/tv-tregor.com\/web-precedent\/www\/streams\/artssauts.html\" title=\"Regarder le sujet\">Regarder la vid\u00e9o <\/a><\/p>\n<p><a href=\"http:\/\/www.tv-tregor.com\/web-precedent\/www\/streams\/artssauts.html\" title=\"Regarder le sujet\"><img decoding=\"async\" src=\"https:\/\/tv-tregor.com\/web-precedent\/IMG\/jpg\/artsautg.jpg\" alt=\"artsautg.jpg\" align=\"center\" \/><\/a> <\/p>\n<p> <BR>  Fond\u00e9 en 2001, le Carr\u00e9 Magique \u00e0 Lannion se d\u00e9finit comme \u00a0\u00bb un lieu de diffusion de spectacle vivant \u00a0\u00bb ou en d&rsquo;autres termes, \u00a0\u00bb une sc\u00e8ne conventionn\u00e9e \u00ab\u00a0.   Membre du r\u00e9seau national \u00a0\u00bb Territoires de Cirque\u00a0\u00bb, il accueille r\u00e9guli\u00e8rement des circassiens en r\u00e9sidence.   Tel fut le cas pour la troupe des Arts Sauts en 2007 pour son spectacle Ola Kala. Ainsi, Tv &#8211; Tr\u00e9gor a r\u00e9alis\u00e9 \u00e0 l&rsquo;\u00e9poque un reportage alliant spectacle et t\u00e9moignages.   Un petit retour dans le pass\u00e9 qui annonce aussi prochainement une nouvelle r\u00e9sidence : \u00a0\u00bb L&rsquo;Atelier du peintre \u00a0\u00bb du Cirque Plume. <\/p>\n","protected":false},"excerpt":{"rendered":"<p><a href=\"https:\/\/tv-tregor.com\/web-precedent\/www\/streams\/artssauts.html\" title=\"Regarder le sujet\">Regarder la vid\u00e9o <\/a><\/p>\n<p><a href=\"http:\/\/www.tv-tregor.com\/web-precedent\/www\/streams\/artssauts.html\" title=\"Regarder le sujet\"><img decoding=\"async\" src=\"https:\/\/tv-tregor.com\/web-precedent\/IMG\/jpg\/artsautg.jpg\" alt=\"artsautg.jpg\" align=\"center\" \/><\/a> <\/p>\n<p> <BR> Fond\u00e9 en 2001, le Carr\u00e9 Magique \u00e0 Lannion se d\u00e9finit comme \u00a0\u00bb un lieu de diffusion de spectacle vivant  \u2026  <a href=\"https:\/\/tv-tregor.com\/web-precedent\/2010\/05\/19\/ola-kala-de-la-troupe-des-arts-sauts-3750\/\">&#8230;lire le sujet&#8230; <span class=\"meta-nav\">&rarr; <\/span><\/a><\/p>\n","protected":false},"author":1,"featured_media":0,"comment_status":"open","ping_status":"open","sticky":false,"template":"","format":"standard","meta":{"footnotes":""},"categories":[14],"tags":[],"class_list":["post-504","post","type-post","status-publish","format-standard","hentry","category-culture"],"_links":{"self":[{"href":"https:\/\/tv-tregor.com\/web-precedent\/wp-json\/wp\/v2\/posts\/504","targetHints":{"allow":["GET"]}}],"collection":[{"href":"https:\/\/tv-tregor.com\/web-precedent\/wp-json\/wp\/v2\/posts"}],"about":[{"href":"https:\/\/tv-tregor.com\/web-precedent\/wp-json\/wp\/v2\/types\/post"}],"author":[{"embeddable":true,"href":"https:\/\/tv-tregor.com\/web-precedent\/wp-json\/wp\/v2\/users\/1"}],"replies":[{"embeddable":true,"href":"https:\/\/tv-tregor.com\/web-precedent\/wp-json\/wp\/v2\/comments?post=504"}],"version-history":[{"count":0,"href":"https:\/\/tv-tregor.com\/web-precedent\/wp-json\/wp\/v2\/posts\/504\/revisions"}],"wp:attachment":[{"href":"https:\/\/tv-tregor.com\/web-precedent\/wp-json\/wp\/v2\/media?parent=504"}],"wp:term":[{"taxonomy":"category","embeddable":true,"href":"https:\/\/tv-tregor.com\/web-precedent\/wp-json\/wp\/v2\/categories?post=504"},{"taxonomy":"post_tag","embeddable":true,"href":"https:\/\/tv-tregor.com\/web-precedent\/wp-json\/wp\/v2\/tags?post=504"}],"curies":[{"name":"wp","href":"https:\/\/api.w.org\/{rel}","templated":true}]}}