{"id":503,"date":"2010-05-12T08:00:00","date_gmt":"2010-05-12T07:00:00","guid":{"rendered":"http:\/\/tv-tregor.com\/web-precedent\/2010\/05\/12\/fest-noz-12\/"},"modified":"2010-05-12T08:00:00","modified_gmt":"2010-05-12T07:00:00","slug":"fest-noz-12","status":"publish","type":"post","link":"https:\/\/tv-tregor.com\/web-precedent\/2010\/05\/12\/fest-noz-12\/","title":{"rendered":"Fest noz &#8211; 12&prime;"},"content":{"rendered":"<p><a href=\"https:\/\/tv-tregor.com\/web-precedent\/www\/streams\/festnoztv.html\" title=\"Regarder le sujet\">Regarder la vid\u00e9o <\/a><\/p>\n<p><a href=\"http:\/\/www.tv-tregor.com\/web-precedent\/www\/streams\/festnoztv.html\" title=\"Regarder le sujet\"><img decoding=\"async\" src=\"https:\/\/tv-tregor.com\/web-precedent\/IMG\/jpg\/festnoztvg.jpg\" alt=\"festnoztvg.jpg\" align=\"center\" \/><\/a> <\/p>\n<p> <BR>  En 1980, un projet de r\u00e9seau c\u00e2bl\u00e9 exp\u00e9rimental en fibre optique est mis en place par le Centre national d&rsquo;\u00e9tudes et de t\u00e9l\u00e9communication ( CNET ), bas\u00e9 \u00e0 Lannion pour relier les salles publiques entre Lannion, Tr\u00e9gastel et Perros-Guirec. 80 communes se r\u00e9unissent au sein de <strong>Videocom Tr\u00e9gor<\/strong> et demandent \u00e0 <strong>Vid\u00e9otec<\/strong> de fournir du programme. L&rsquo;association en est \u00e0 ses pr\u00e9mices.   Durant plusieurs ann\u00e9es<strong> Vid\u00e9ocom<\/strong> et <strong>Vid\u00e9otec<\/strong> vont exploiter et animer ce r\u00e9seau c\u00e2bl\u00e9.    <strong> Tr\u00e9gor Vid\u00e9o<\/strong> est n\u00e9e en 1990 de la fusion de deux structures dans le but d&rsquo;&#339;uvrer au d\u00e9veloppement de la communication dans le Tr\u00e9gor.   En 1993-1995, le Centre d&rsquo;\u00e9tude et de t\u00e9l\u00e9communication met en place l&rsquo;ADSL. Tr\u00e9gor Vid\u00e9o cr\u00e9e sa <strong>t\u00e9l\u00e9 web en 2005<\/strong>.    En 2010, apr\u00e8s un an de p\u00e9riode de redressement judiciaire, Tr\u00e9gor Vid\u00e9o a besoin de soutien.  Un fest noz a donc \u00e9t\u00e9 organis\u00e9 le 30 avril dernier \u00e0 la salle polyvalente de Pleumeur-Bodou.    Medley. <\/p>\n","protected":false},"excerpt":{"rendered":"<p><a href=\"https:\/\/tv-tregor.com\/web-precedent\/www\/streams\/festnoztv.html\" title=\"Regarder le sujet\">Regarder la vid\u00e9o <\/a><\/p>\n<p><a href=\"http:\/\/www.tv-tregor.com\/web-precedent\/www\/streams\/festnoztv.html\" title=\"Regarder le sujet\"><img decoding=\"async\" src=\"https:\/\/tv-tregor.com\/web-precedent\/IMG\/jpg\/festnoztvg.jpg\" alt=\"festnoztvg.jpg\" align=\"center\" \/><\/a> <\/p>\n<p> <BR> En 1980, un projet de r\u00e9seau c\u00e2bl\u00e9 exp\u00e9rimental en fibre optique est mis en place par le Centre national  \u2026  <a href=\"https:\/\/tv-tregor.com\/web-precedent\/2010\/05\/12\/fest-noz-12\/\">&#8230;lire le sujet&#8230; <span class=\"meta-nav\">&rarr; <\/span><\/a><\/p>\n","protected":false},"author":1,"featured_media":0,"comment_status":"open","ping_status":"open","sticky":false,"template":"","format":"standard","meta":{"footnotes":""},"categories":[2],"tags":[],"class_list":["post-503","post","type-post","status-publish","format-standard","hentry","category-info-locale"],"_links":{"self":[{"href":"https:\/\/tv-tregor.com\/web-precedent\/wp-json\/wp\/v2\/posts\/503","targetHints":{"allow":["GET"]}}],"collection":[{"href":"https:\/\/tv-tregor.com\/web-precedent\/wp-json\/wp\/v2\/posts"}],"about":[{"href":"https:\/\/tv-tregor.com\/web-precedent\/wp-json\/wp\/v2\/types\/post"}],"author":[{"embeddable":true,"href":"https:\/\/tv-tregor.com\/web-precedent\/wp-json\/wp\/v2\/users\/1"}],"replies":[{"embeddable":true,"href":"https:\/\/tv-tregor.com\/web-precedent\/wp-json\/wp\/v2\/comments?post=503"}],"version-history":[{"count":0,"href":"https:\/\/tv-tregor.com\/web-precedent\/wp-json\/wp\/v2\/posts\/503\/revisions"}],"wp:attachment":[{"href":"https:\/\/tv-tregor.com\/web-precedent\/wp-json\/wp\/v2\/media?parent=503"}],"wp:term":[{"taxonomy":"category","embeddable":true,"href":"https:\/\/tv-tregor.com\/web-precedent\/wp-json\/wp\/v2\/categories?post=503"},{"taxonomy":"post_tag","embeddable":true,"href":"https:\/\/tv-tregor.com\/web-precedent\/wp-json\/wp\/v2\/tags?post=503"}],"curies":[{"name":"wp","href":"https:\/\/api.w.org\/{rel}","templated":true}]}}