{"id":500,"date":"2010-04-28T08:00:00","date_gmt":"2010-04-28T07:00:00","guid":{"rendered":"http:\/\/tv-tregor.com\/web-precedent\/2010\/04\/28\/rencontres-interlycees-2010-6\/"},"modified":"2010-04-28T08:00:00","modified_gmt":"2010-04-28T07:00:00","slug":"rencontres-interlycees-2010-6","status":"publish","type":"post","link":"https:\/\/tv-tregor.com\/web-precedent\/2010\/04\/28\/rencontres-interlycees-2010-6\/","title":{"rendered":"Rencontres Interlyc\u00e9es 2010 &#8211; 6&prime;"},"content":{"rendered":"<p><a href=\"https:\/\/tv-tregor.com\/web-precedent\/www\/streams\/interlycees.html\" title=\"Regarder le sujet\">Regarder la vid\u00e9o <\/a><\/p>\n<p><a href=\"http:\/\/www.tv-tregor.com\/web-precedent\/www\/streams\/interlycees.html\" title=\"Regarder le sujet\"><img decoding=\"async\" src=\"https:\/\/tv-tregor.com\/web-precedent\/IMG\/jpg\/interlyceesg.jpg\" alt=\"interlyceesg.jpg\" align=\"center\" \/><\/a> <\/p>\n<p> <BR>  Le 9 avril dernier se tenait au sein du Lyc\u00e9e Le Dantec de Lannion les Interlyc\u00e9es 2010. Et ce ne sont pas moins de 1 800 lyc\u00e9ens qui se sont donn\u00e9s rendez-vous au foyer du lyc\u00e9e pour rejoindre la ronde de la danse.   Ainsi, gavotte, an dro, scottish et autres danses traditionnelles sont de mises. Un v\u00e9ritable air de fest-deizh plane.   Un rendez-vous d\u00e9j\u00e0 pris pour l&rsquo;ann\u00e9e prochaine qui, cette fois-ci, se pr\u00e9sentera sous forme de concours&#8230;   En attendant, place aux musiciens!   <\/p>\n","protected":false},"excerpt":{"rendered":"<p><a href=\"https:\/\/tv-tregor.com\/web-precedent\/www\/streams\/interlycees.html\" title=\"Regarder le sujet\">Regarder la vid\u00e9o <\/a><\/p>\n<p><a href=\"http:\/\/www.tv-tregor.com\/web-precedent\/www\/streams\/interlycees.html\" title=\"Regarder le sujet\"><img decoding=\"async\" src=\"https:\/\/tv-tregor.com\/web-precedent\/IMG\/jpg\/interlyceesg.jpg\" alt=\"interlyceesg.jpg\" align=\"center\" \/><\/a> <\/p>\n<p> <BR> Le 9 avril dernier se tenait au sein du Lyc\u00e9e Le Dantec de Lannion les Interlyc\u00e9es 2010. Et ce  \u2026  <a href=\"https:\/\/tv-tregor.com\/web-precedent\/2010\/04\/28\/rencontres-interlycees-2010-6\/\">&#8230;lire le sujet&#8230; <span class=\"meta-nav\">&rarr; <\/span><\/a><\/p>\n","protected":false},"author":1,"featured_media":0,"comment_status":"open","ping_status":"open","sticky":false,"template":"","format":"standard","meta":{"footnotes":""},"categories":[8],"tags":[],"class_list":["post-500","post","type-post","status-publish","format-standard","hentry","category-evenements"],"_links":{"self":[{"href":"https:\/\/tv-tregor.com\/web-precedent\/wp-json\/wp\/v2\/posts\/500","targetHints":{"allow":["GET"]}}],"collection":[{"href":"https:\/\/tv-tregor.com\/web-precedent\/wp-json\/wp\/v2\/posts"}],"about":[{"href":"https:\/\/tv-tregor.com\/web-precedent\/wp-json\/wp\/v2\/types\/post"}],"author":[{"embeddable":true,"href":"https:\/\/tv-tregor.com\/web-precedent\/wp-json\/wp\/v2\/users\/1"}],"replies":[{"embeddable":true,"href":"https:\/\/tv-tregor.com\/web-precedent\/wp-json\/wp\/v2\/comments?post=500"}],"version-history":[{"count":0,"href":"https:\/\/tv-tregor.com\/web-precedent\/wp-json\/wp\/v2\/posts\/500\/revisions"}],"wp:attachment":[{"href":"https:\/\/tv-tregor.com\/web-precedent\/wp-json\/wp\/v2\/media?parent=500"}],"wp:term":[{"taxonomy":"category","embeddable":true,"href":"https:\/\/tv-tregor.com\/web-precedent\/wp-json\/wp\/v2\/categories?post=500"},{"taxonomy":"post_tag","embeddable":true,"href":"https:\/\/tv-tregor.com\/web-precedent\/wp-json\/wp\/v2\/tags?post=500"}],"curies":[{"name":"wp","href":"https:\/\/api.w.org\/{rel}","templated":true}]}}