{"id":499,"date":"2013-12-18T01:40:00","date_gmt":"2013-12-18T00:40:00","guid":{"rendered":"http:\/\/tv-tregor.com\/web-precedent\/2013\/12\/18\/iv-emes-fetes-vocales-du-tregor\/"},"modified":"2016-01-14T17:55:53","modified_gmt":"2016-01-14T16:55:53","slug":"iv-emes-fetes-vocales-du-tregor","status":"publish","type":"post","link":"https:\/\/tv-tregor.com\/web-precedent\/2013\/12\/18\/iv-emes-fetes-vocales-du-tregor\/","title":{"rendered":"IV \u00e8mes F\u00eates vocales du Tr\u00e9gor"},"content":{"rendered":"<p><a title=\"Regarder le clip\" href=\"https:\/\/tv-tregor.com\/web-precedent\/TVDESAUTRES\/fv-2013-5-aimez-vous-brahms.html\">Regarder le clip<\/a><\/p>\n<h2>C&rsquo;est l&rsquo;hiver ? Revivez les beaux jours ! &#8230;.<\/h2>\n<p>Du 1er au 9 Juin 2013, les F\u00eates Vocales du Tr\u00e9gor ont mis \u00e0 l&rsquo;honneur la richesse des r\u00e9pertoires et la diversit\u00e9 des pratiques de l&rsquo;art vocal. Cette semaine, place \u00e0 &#8230;.<\/p>\n<h2>Aimez-vous Brahms ?<\/h2>\n<p>Un concert de qualit\u00e9 d\u00e9di\u00e9 \u00e0 Johannes Brahms propos\u00e9 par la classe de chant et la chorale d&rsquo;adultes de l&rsquo;Ecole de Musique du Tr\u00e9gor<\/p>\n<p>dur\u00e9e : 23&rsquo;30\u00a0\u00bb &#8211; R\u00e9alisation : Daniel George<\/p>\n<p><a href=\"http:\/\/www.tv-tregor.com\/web-precedent\/TVDESAUTRES\/fv-2013-5-aimez-vous-brahms.html\">Visionner le clip<\/a><\/p>\n<p><img decoding=\"async\" src=\"https:\/\/tv-tregor.com\/web-precedent\/IMG\/jpg\/fetes-vocales-500p.jpg\" alt=\"fetes-vocales-500p.jpg\" align=\"center\" \/><\/p>\n<p>&#8212;&#8212;&#8212;&#8212;&#8212;&#8212;&#8212;&#8212;&#8212;&#8212;&#8212;&#8212;&#8212;&#8212;&#8212;&#8212;&#8212;-<\/p>\n<h2>l&rsquo;Ame de l&rsquo;Europe<\/h2>\n<p>Un grand et beau spectacle propos\u00e9 \u00e0 Plestin-les-Gr\u00e8ves par l&rsquo;Ecole de Musique du Tr\u00e9gor, ses chanteurs et ses instrumentistes&#8230;<\/p>\n<p>dur\u00e9e : 36&rsquo;33\u00a0\u00bb &#8211; R\u00e9alisation : Daniel George<\/p>\n<p><a href=\"http:\/\/www.tv-tregor.com\/web-precedent\/TVDESAUTRES\/fv-2013-4-ame-de-l-europe.html\">Visionner le clip<\/a><\/p>\n<p>&#8212;&#8212;&#8212;&#8212;&#8212;&#8212;&#8212;&#8212;&#8212;&#8212;&#8212;&#8212;&#8212;&#8212;&#8212;&#8212;&#8212;-<\/p>\n<h2>Entre r\u00eaves et l\u00e9gendes<\/h2>\n<p>&#8230; les Voix d&rsquo;Elles &#8211; les diseurs de mots &#8230;<\/p>\n<p>dur\u00e9e : 26&rsquo;19\u00a0\u00bb &#8211; R\u00e9alisation : Daniel George<\/p>\n<p><a href=\"http:\/\/www.tv-tregor.com\/web-precedent\/TVDESAUTRES\/fv-2013-3-entre-reves-et-legendes.html\">Visionner le clip<\/a><\/p>\n<p>&#8212;&#8212;&#8212;&#8212;&#8212;&#8212;&#8212;&#8212;&#8212;&#8212;&#8212;&#8212;&#8212;&#8212;&#8212;&#8212;&#8212;-<\/p>\n<h2>Salade compos\u00e9e<\/h2>\n<p>&#8230; Orange chante (Passagers du Vent) &#8211; Les Voix li\u00e9es (Spirituals et Gospels) &#8211; In Canto (Polyphonies italiennes contemporaines)&#8230;<\/p>\n<p>dur\u00e9e : 34&rsquo;00\u00a0\u00bb &#8211; R\u00e9alisation : Daniel George<\/p>\n<p><a href=\"http:\/\/www.tv-tregor.com\/web-precedent\/TVDESAUTRES\/fv-2013-2-salade-composee.html\">Visionner le clip<\/a><\/p>\n<p>&#8212;&#8212;&#8212;&#8212;&#8212;&#8212;&#8212;&#8212;&#8212;&#8212;&#8212;&#8212;&#8212;&#8212;&#8212;&#8212;&#8212;-<\/p>\n<h2>L&rsquo;EMT &#8211; Vous avez dit Lyrique ?<\/h2>\n<p>&#8230; une prestation de l&rsquo;Ecole de Musique du Tr\u00e9gor, Classe de chant de Marie-Fran\u00e7oise Nihoul&#8230;<\/p>\n<p>dur\u00e9e : 26&rsquo;00\u00a0\u00bb &#8211; R\u00e9alisation : Daniel George<\/p>\n<p><a href=\"http:\/\/www.tv-tregor.com\/web-precedent\/TVDESAUTRES\/fv-2013-1-lyrique-emt.html\">Visionner le clip<\/a><\/p>\n<p>&#8212;&#8212;&#8212;&#8212;&#8212;&#8212;&#8212;&#8212;&#8212;&#8212;&#8212;&#8212;&#8212;&#8212;&#8212;&#8212;&#8212;-<\/p>\n<h2>Loisirs Danse Lannion<\/h2>\n<p>&#8230; qui a offert au public, avec quelle \u00e9l\u00e9gance, de belles d\u00e9monstrations de danses de soci\u00e9t\u00e9 sur le parking de Caerphilly, lors de la derni\u00e8re \u00e9dition Lannionaise de la F\u00eate de la musique.<\/p>\n<p>dur\u00e9e : 5&rsquo;18 &#8211; R\u00e9alisation : Jean-Dominique Gauthier<\/p>\n<p><a href=\"http:\/\/www.tv-tregor.com\/web-precedent\/TVDESAUTRES\/2013-fdlm-ldl.html\">Visionner le clip<\/a><\/p>\n<p><img decoding=\"async\" src=\"https:\/\/tv-tregor.com\/web-precedent\/IMG\/jpg\/ldl-03-mr.jpg\" alt=\"ldl-03-mr.jpg\" align=\"center\" \/><\/p>\n<p>&#8212;&#8212;&#8212;&#8212;&#8212;&#8212;&#8212;&#8212;&#8212;&#8212;&#8212;&#8212;&#8212;&#8212;&#8212;&#8212;&#8212;-<\/p>\n<h2>La chorale \u00ab\u00a0Salle de Bain\u00a0\u00bb<\/h2>\n<p>Lors de la f\u00eate de la musique, \u00e0 Lannion, le 21 juin 2013, la chapelle Ste Anne a r\u00e9sonn\u00e9 des voix des choristes de \u00ab\u00a0Salle de Bain\u00a0\u00bb, pour le plaisir des nombreuses personnes venues les \u00e9couter. Voici un modeste extrait de leur concert mettant \u00e0 l&rsquo;honneur ce cher Georges Brassens qui serait certainement heureux de voir avec quel enthousiasme on interpr\u00e8te encore en 2013 ses ind\u00e9modables chansons. Alors, tombons encore une fois sous le charme de Margot &#8230;<\/p>\n<p>dur\u00e9e : 2&rsquo;15 &#8211; R\u00e9alisation : Jean-Dominique Gauthier<\/p>\n<p><a href=\"http:\/\/www.tv-tregor.com\/web-precedent\/TVDESAUTRES\/2013-fdlm-sdb.html\">Visionner le clip<\/a><\/p>\n<p><img decoding=\"async\" src=\"https:\/\/tv-tregor.com\/web-precedent\/IMG\/jpg\/2013-fdlm-sdb-1r.jpg\" alt=\"2013-fdlm-sdb-1r.jpg\" align=\"center\" \/><\/p>\n<p>&#8212;&#8212;&#8212;&#8212;&#8212;&#8212;&#8212;&#8212;&#8212;&#8212;&#8212;&#8212;&#8212;&#8212;&#8212;&#8212;<\/p>\n<h2>7VEN &#8211; \u00ab\u00a0Dirty old town\u00a0\u00bb<\/h2>\n<p><strong>\u00ab\u00a0Dirty Old Town\u00a0\u00bb<\/strong> est une chanson \u00e9crite par <strong>Ewan MacColl<\/strong> en 1949, rendue internationalement populaire par les Dubliners puis par les Pogues. Le groupe de musique country <strong>7ven<\/strong> la ressucite pour nous \u00e0 la f\u00eate de la musique de Lannion le 21 juin 2013, entrainant dans le rythme du Madison de nombreux spectateurs &#8230;<\/p>\n<p><img decoding=\"async\" src=\"https:\/\/tv-tregor.com\/web-precedent\/IMG\/jpg\/fdlm-2013-7ven-dirty-old-town-mr.jpg\" alt=\"fdlm-2013-7ven-dirty-old-town-mr.jpg\" align=\"center\" \/><\/p>\n<p>R\u00e9alisation : Jean-Dominique Gauthier &#8211; dur\u00e9e 2&rsquo;40\u00a0\u00bb<\/p>\n<p><a href=\"http:\/\/www.tv-tregor.com\/web-precedent\/TVDESAUTRES\/fdlm-2013-7ven-dirty-old-town.html\">Visionner le film<\/a><\/p>\n<p>&#8212;&#8212;&#8212;&#8212;&#8212;&#8212;&#8212;&#8212;&#8212;&#8212;&#8212;&#8212;&#8212;&#8212;&#8212;&#8212;&#8212;&#8212;&#8212;&#8212;&#8212;&#8212;&#8212;&#8211;<\/p>\n<p>Cette rubrique <strong>\u00ab\u00a0La t\u00e9l\u00e9 des autres\u00a0\u00bb<\/strong> est ouverte aux particuliers et aux associations qui auraient des vid\u00e9os d&rsquo;int\u00e9r\u00eat g\u00e9n\u00e9ral \u00e0 nous proposer. Tout est possible : documentaires, reportages, fictions, animations, clips &#8230; dans la limite de ce qui est autoris\u00e9 par la loi et en dehors de toute propagande. Il faut \u00e9galement que le film poss\u00e8de des qualit\u00e9s techniques suffisantes au niveau des images, du son, du montage et du titrage pour justifier une diffusion t\u00e9l\u00e9. N&rsquo;h\u00e9sitez pas \u00e0 nous proposer vos sujets (email : info-tv@tregor.com)<\/p>\n","protected":false},"excerpt":{"rendered":"<p><a title=\"Regarder le clip\" href=\"https:\/\/tv-tregor.com\/web-precedent\/TVDESAUTRES\/fv-2013-5-aimez-vous-brahms.html\">Regarder le clip<\/a><\/p>\n<h2>C&rsquo;est l&rsquo;hiver ? Revivez les beaux jours ! &#8230;.<\/h2>\n<p>Du 1er au 9 Juin 2013, les F\u00eates Vocales du Tr\u00e9gor ont mis \u00e0 l&rsquo;honneur la richesse des r\u00e9pertoires et la diversit\u00e9 des pratiques  \u2026  <a href=\"https:\/\/tv-tregor.com\/web-precedent\/2013\/12\/18\/iv-emes-fetes-vocales-du-tregor\/\">&#8230;lire le sujet&#8230; <span class=\"meta-nav\">&rarr; <\/span><\/a><\/p>\n","protected":false},"author":1,"featured_media":0,"comment_status":"open","ping_status":"open","sticky":false,"template":"","format":"standard","meta":{"footnotes":""},"categories":[4],"tags":[],"class_list":["post-499","post","type-post","status-publish","format-standard","hentry","category-la-tele-des-autres"],"_links":{"self":[{"href":"https:\/\/tv-tregor.com\/web-precedent\/wp-json\/wp\/v2\/posts\/499","targetHints":{"allow":["GET"]}}],"collection":[{"href":"https:\/\/tv-tregor.com\/web-precedent\/wp-json\/wp\/v2\/posts"}],"about":[{"href":"https:\/\/tv-tregor.com\/web-precedent\/wp-json\/wp\/v2\/types\/post"}],"author":[{"embeddable":true,"href":"https:\/\/tv-tregor.com\/web-precedent\/wp-json\/wp\/v2\/users\/1"}],"replies":[{"embeddable":true,"href":"https:\/\/tv-tregor.com\/web-precedent\/wp-json\/wp\/v2\/comments?post=499"}],"version-history":[{"count":3,"href":"https:\/\/tv-tregor.com\/web-precedent\/wp-json\/wp\/v2\/posts\/499\/revisions"}],"predecessor-version":[{"id":730,"href":"https:\/\/tv-tregor.com\/web-precedent\/wp-json\/wp\/v2\/posts\/499\/revisions\/730"}],"wp:attachment":[{"href":"https:\/\/tv-tregor.com\/web-precedent\/wp-json\/wp\/v2\/media?parent=499"}],"wp:term":[{"taxonomy":"category","embeddable":true,"href":"https:\/\/tv-tregor.com\/web-precedent\/wp-json\/wp\/v2\/categories?post=499"},{"taxonomy":"post_tag","embeddable":true,"href":"https:\/\/tv-tregor.com\/web-precedent\/wp-json\/wp\/v2\/tags?post=499"}],"curies":[{"name":"wp","href":"https:\/\/api.w.org\/{rel}","templated":true}]}}