{"id":488,"date":"2010-03-24T08:00:00","date_gmt":"2010-03-24T07:00:00","guid":{"rendered":"http:\/\/tv-tregor.com\/web-precedent\/2010\/03\/24\/tregor-goelo-terre-dhistoire-la-chapelle-saint-jerome-de-la-salle-a-lanmerin-7\/"},"modified":"2010-03-24T08:00:00","modified_gmt":"2010-03-24T07:00:00","slug":"tregor-goelo-terre-dhistoire-la-chapelle-saint-jerome-de-la-salle-a-lanmerin-7","status":"publish","type":"post","link":"https:\/\/tv-tregor.com\/web-precedent\/2010\/03\/24\/tregor-goelo-terre-dhistoire-la-chapelle-saint-jerome-de-la-salle-a-lanmerin-7\/","title":{"rendered":"Tr\u00e9gor &#8211; Go\u00eblo, terre d&rsquo;histoire : La chapelle Saint J\u00e9r\u00f4me de la Salle \u00e0 Lanm\u00e9rin &#8211; 7&prime;"},"content":{"rendered":"<p><a href=\"https:\/\/tv-tregor.com\/web-precedent\/www\/streams\/chapellesalle.html\" title=\"Regarder le sujet\">Regarder la vid\u00e9o <\/a><\/p>\n<p><a href=\"http:\/\/www.tv-tregor.com\/web-precedent\/www\/streams\/chapellesalle.html\" title=\"Regarder le sujet\"><img decoding=\"async\" src=\"https:\/\/tv-tregor.com\/web-precedent\/IMG\/jpg\/chapellesalleg.jpg\" alt=\"chapellesalleg.jpg\" align=\"center\" \/><\/a> <\/p>\n<p> <BR> La chapelle Saint J\u00e9r\u00f4me de la Salle a \u00e9t\u00e9 achev\u00e9e en 1536. C&rsquo;est une chapelle seigneuriale class\u00e9e au titre des Monuments Historiques en 1935.  Les travaux successifs men\u00e9s conjointement par la commune de Lanm\u00e9rin et les Monuments Historiques ont assur\u00e9 le clos et le couvert, c&rsquo;est \u00e0 dire, la toiture, les vitraux et les portes.  Apr\u00e8s la restauration de la charpente en 1992-93 et du clocheton d\u00e9but 2000, c&rsquo;est dor\u00e9navant la mise en valeur de l&rsquo;int\u00e9rieur qui est au programme.   Explications.  <\/p>\n","protected":false},"excerpt":{"rendered":"<p><a href=\"https:\/\/tv-tregor.com\/web-precedent\/www\/streams\/chapellesalle.html\" title=\"Regarder le sujet\">Regarder la vid\u00e9o <\/a><\/p>\n<p><a href=\"http:\/\/www.tv-tregor.com\/web-precedent\/www\/streams\/chapellesalle.html\" title=\"Regarder le sujet\"><img decoding=\"async\" src=\"https:\/\/tv-tregor.com\/web-precedent\/IMG\/jpg\/chapellesalleg.jpg\" alt=\"chapellesalleg.jpg\" align=\"center\" \/><\/a> <\/p>\n<p> <BR> La chapelle Saint J\u00e9r\u00f4me de la Salle a \u00e9t\u00e9 achev\u00e9e en 1536. C&rsquo;est une chapelle seigneuriale class\u00e9e au titre  \u2026  <a href=\"https:\/\/tv-tregor.com\/web-precedent\/2010\/03\/24\/tregor-goelo-terre-dhistoire-la-chapelle-saint-jerome-de-la-salle-a-lanmerin-7\/\">&#8230;lire le sujet&#8230; <span class=\"meta-nav\">&rarr; <\/span><\/a><\/p>\n","protected":false},"author":1,"featured_media":0,"comment_status":"open","ping_status":"open","sticky":false,"template":"","format":"standard","meta":{"footnotes":""},"categories":[23],"tags":[],"class_list":["post-488","post","type-post","status-publish","format-standard","hentry","category-patrimoine"],"_links":{"self":[{"href":"https:\/\/tv-tregor.com\/web-precedent\/wp-json\/wp\/v2\/posts\/488","targetHints":{"allow":["GET"]}}],"collection":[{"href":"https:\/\/tv-tregor.com\/web-precedent\/wp-json\/wp\/v2\/posts"}],"about":[{"href":"https:\/\/tv-tregor.com\/web-precedent\/wp-json\/wp\/v2\/types\/post"}],"author":[{"embeddable":true,"href":"https:\/\/tv-tregor.com\/web-precedent\/wp-json\/wp\/v2\/users\/1"}],"replies":[{"embeddable":true,"href":"https:\/\/tv-tregor.com\/web-precedent\/wp-json\/wp\/v2\/comments?post=488"}],"version-history":[{"count":0,"href":"https:\/\/tv-tregor.com\/web-precedent\/wp-json\/wp\/v2\/posts\/488\/revisions"}],"wp:attachment":[{"href":"https:\/\/tv-tregor.com\/web-precedent\/wp-json\/wp\/v2\/media?parent=488"}],"wp:term":[{"taxonomy":"category","embeddable":true,"href":"https:\/\/tv-tregor.com\/web-precedent\/wp-json\/wp\/v2\/categories?post=488"},{"taxonomy":"post_tag","embeddable":true,"href":"https:\/\/tv-tregor.com\/web-precedent\/wp-json\/wp\/v2\/tags?post=488"}],"curies":[{"name":"wp","href":"https:\/\/api.w.org\/{rel}","templated":true}]}}