{"id":486,"date":"2010-03-17T07:55:00","date_gmt":"2010-03-17T06:55:00","guid":{"rendered":"http:\/\/tv-tregor.com\/web-precedent\/2010\/03\/17\/un-fest-noz-de-soutien-1\/"},"modified":"2010-03-17T07:55:00","modified_gmt":"2010-03-17T06:55:00","slug":"un-fest-noz-de-soutien-1","status":"publish","type":"post","link":"https:\/\/tv-tregor.com\/web-precedent\/2010\/03\/17\/un-fest-noz-de-soutien-1\/","title":{"rendered":"Un fest noz de soutien &#8211; 1&prime;"},"content":{"rendered":"<p><a href=\"https:\/\/tv-tregor.com\/web-precedent\/www\/streams\/festnozmars2010.html\" title=\"Regarder le sujet\">Regarder la vid\u00e9o <\/a><\/p>\n<p><a href=\"http:\/\/www.tv-tregor.com\/web-precedent\/www\/streams\/festnozmars2010.html\" title=\"Regarder le sujet\"><img decoding=\"async\" src=\"https:\/\/tv-tregor.com\/web-precedent\/IMG\/jpg\/festnoz2010g.jpg\" alt=\"festnoz2010g.jpg\" align=\"center\" \/><\/a> <\/p>\n<p> <BR>  Vendredi 5 mars dernier se tenait au sein de la salle des f\u00eates de cavan un fest noz orchestr\u00e9 par le collectif de soutien aux sans papiers du Tr\u00e9gor Go\u00eblo.  L&rsquo;occasion de rappeler que le combat continue pour d\u00e9fendre les droits de ces personnes.   Au programme donc, danses, musiques et r\u00e9coltes de dons en attendant la prochaine manifestation qui aura lieu \u00e0 Rennes le 27 mars prochain pour d\u00e9noncer la vie en centre de r\u00e9tention.<\/p>\n","protected":false},"excerpt":{"rendered":"<p><a href=\"https:\/\/tv-tregor.com\/web-precedent\/www\/streams\/festnozmars2010.html\" title=\"Regarder le sujet\">Regarder la vid\u00e9o <\/a><\/p>\n<p><a href=\"http:\/\/www.tv-tregor.com\/web-precedent\/www\/streams\/festnozmars2010.html\" title=\"Regarder le sujet\"><img decoding=\"async\" src=\"https:\/\/tv-tregor.com\/web-precedent\/IMG\/jpg\/festnoz2010g.jpg\" alt=\"festnoz2010g.jpg\" align=\"center\" \/><\/a> <\/p>\n<p> <BR> Vendredi 5 mars dernier se tenait au sein de la salle des f\u00eates de cavan un fest noz orchestr\u00e9  \u2026  <a href=\"https:\/\/tv-tregor.com\/web-precedent\/2010\/03\/17\/un-fest-noz-de-soutien-1\/\">&#8230;lire le sujet&#8230; <span class=\"meta-nav\">&rarr; <\/span><\/a><\/p>\n","protected":false},"author":1,"featured_media":0,"comment_status":"open","ping_status":"open","sticky":false,"template":"","format":"standard","meta":{"footnotes":""},"categories":[2],"tags":[],"class_list":["post-486","post","type-post","status-publish","format-standard","hentry","category-info-locale"],"_links":{"self":[{"href":"https:\/\/tv-tregor.com\/web-precedent\/wp-json\/wp\/v2\/posts\/486","targetHints":{"allow":["GET"]}}],"collection":[{"href":"https:\/\/tv-tregor.com\/web-precedent\/wp-json\/wp\/v2\/posts"}],"about":[{"href":"https:\/\/tv-tregor.com\/web-precedent\/wp-json\/wp\/v2\/types\/post"}],"author":[{"embeddable":true,"href":"https:\/\/tv-tregor.com\/web-precedent\/wp-json\/wp\/v2\/users\/1"}],"replies":[{"embeddable":true,"href":"https:\/\/tv-tregor.com\/web-precedent\/wp-json\/wp\/v2\/comments?post=486"}],"version-history":[{"count":0,"href":"https:\/\/tv-tregor.com\/web-precedent\/wp-json\/wp\/v2\/posts\/486\/revisions"}],"wp:attachment":[{"href":"https:\/\/tv-tregor.com\/web-precedent\/wp-json\/wp\/v2\/media?parent=486"}],"wp:term":[{"taxonomy":"category","embeddable":true,"href":"https:\/\/tv-tregor.com\/web-precedent\/wp-json\/wp\/v2\/categories?post=486"},{"taxonomy":"post_tag","embeddable":true,"href":"https:\/\/tv-tregor.com\/web-precedent\/wp-json\/wp\/v2\/tags?post=486"}],"curies":[{"name":"wp","href":"https:\/\/api.w.org\/{rel}","templated":true}]}}