{"id":476,"date":"2010-02-10T09:31:55","date_gmt":"2010-02-10T08:31:55","guid":{"rendered":"http:\/\/tv-tregor.com\/web-precedent\/2010\/02\/10\/le-marche-dominical-de-plestin-les-greves\/"},"modified":"2016-09-04T15:23:57","modified_gmt":"2016-09-04T14:23:57","slug":"le-marche-dominical-de-plestin-les-greves","status":"publish","type":"post","link":"https:\/\/tv-tregor.com\/web-precedent\/2010\/02\/10\/le-marche-dominical-de-plestin-les-greves\/","title":{"rendered":"Le march\u00e9 dominical de Plestin les Gr\u00e8ves"},"content":{"rendered":"<p>Regarder la vid\u00e9o<\/p>\n<p><img loading=\"lazy\" decoding=\"async\" class=\"\" src=\"https:\/\/tv-tregor.com\/web-precedent\/IMG\/jpg\/marche-plestin3r.jpg\" alt=\"marche-plestin3r.jpg\" width=\"340\" height=\"191\" align=\"center\" \/><\/p>\n<p>Depuis l&rsquo;installation des premiers \u00e9tals jusqu&rsquo;\u00e0 la ru\u00e9e des clients et des badauds en fin de matin\u00e9e, voici le film du <strong>march\u00e9 dominical de Plestin les Gr\u00e8ves<\/strong>. Une tranche de vie film\u00e9e en juillet dernier par Jean Le Rouzic du Club <strong>Objectif-Image-Tr\u00e9gor<\/strong>. Les photographes amateur de ce club s&rsquo;\u00e9taient \u00e9galement donn\u00e9 rendez-vous ce m\u00eame jour pour tirer de beaux clich\u00e9s de cet \u00e9v\u00e9nement hebdomadaire haut en couleurs. dur\u00e9e 6 minutes Bon visionnage.<\/p>\n<p>Et visitez \u00e9galement le site web du club <a href=\"http:\/\/www.oitregor.com\">Objectif-Image-Tr\u00e9gor\u00a0<\/a><\/p>\n<p>&nbsp;<\/p>\n<p>&nbsp;<\/p>\n","protected":false},"excerpt":{"rendered":"<p>Regarder la vid\u00e9o<\/p>\n<p><img loading=\"lazy\" decoding=\"async\" class=\"\" src=\"https:\/\/tv-tregor.com\/web-precedent\/IMG\/jpg\/marche-plestin3r.jpg\" alt=\"marche-plestin3r.jpg\" width=\"340\" height=\"191\" align=\"center\" \/><\/p>\n<p>Depuis l&rsquo;installation des premiers \u00e9tals jusqu&rsquo;\u00e0 la ru\u00e9e des clients et des badauds en fin de matin\u00e9e, voici le film du <strong>march\u00e9 dominical de Plestin les Gr\u00e8ves<\/strong>.  \u2026  <a href=\"https:\/\/tv-tregor.com\/web-precedent\/2010\/02\/10\/le-marche-dominical-de-plestin-les-greves\/\">&#8230;lire le sujet&#8230; <span class=\"meta-nav\">&rarr; <\/span><\/a><\/p>\n","protected":false},"author":1,"featured_media":0,"comment_status":"open","ping_status":"open","sticky":false,"template":"","format":"standard","meta":{"footnotes":""},"categories":[53],"tags":[],"class_list":["post-476","post","type-post","status-publish","format-standard","hentry","category-films-personnels"],"_links":{"self":[{"href":"https:\/\/tv-tregor.com\/web-precedent\/wp-json\/wp\/v2\/posts\/476","targetHints":{"allow":["GET"]}}],"collection":[{"href":"https:\/\/tv-tregor.com\/web-precedent\/wp-json\/wp\/v2\/posts"}],"about":[{"href":"https:\/\/tv-tregor.com\/web-precedent\/wp-json\/wp\/v2\/types\/post"}],"author":[{"embeddable":true,"href":"https:\/\/tv-tregor.com\/web-precedent\/wp-json\/wp\/v2\/users\/1"}],"replies":[{"embeddable":true,"href":"https:\/\/tv-tregor.com\/web-precedent\/wp-json\/wp\/v2\/comments?post=476"}],"version-history":[{"count":6,"href":"https:\/\/tv-tregor.com\/web-precedent\/wp-json\/wp\/v2\/posts\/476\/revisions"}],"predecessor-version":[{"id":1032,"href":"https:\/\/tv-tregor.com\/web-precedent\/wp-json\/wp\/v2\/posts\/476\/revisions\/1032"}],"wp:attachment":[{"href":"https:\/\/tv-tregor.com\/web-precedent\/wp-json\/wp\/v2\/media?parent=476"}],"wp:term":[{"taxonomy":"category","embeddable":true,"href":"https:\/\/tv-tregor.com\/web-precedent\/wp-json\/wp\/v2\/categories?post=476"},{"taxonomy":"post_tag","embeddable":true,"href":"https:\/\/tv-tregor.com\/web-precedent\/wp-json\/wp\/v2\/tags?post=476"}],"curies":[{"name":"wp","href":"https:\/\/api.w.org\/{rel}","templated":true}]}}