{"id":466,"date":"2010-01-06T08:00:00","date_gmt":"2010-01-06T07:00:00","guid":{"rendered":"http:\/\/tv-tregor.com\/web-precedent\/2010\/01\/06\/20-ans-en-musique-735\/"},"modified":"2010-01-06T08:00:00","modified_gmt":"2010-01-06T07:00:00","slug":"20-ans-en-musique-735","status":"publish","type":"post","link":"https:\/\/tv-tregor.com\/web-precedent\/2010\/01\/06\/20-ans-en-musique-735\/","title":{"rendered":"20 ans&#8230; en musique! &#8211; 7&rsquo;35"},"content":{"rendered":"<p><a href=\"https:\/\/tv-tregor.com\/web-precedent\/www\/streams\/loargann.html\" title=\"Regarder le sujet\">Regarder la vid\u00e9o <\/a><\/p>\n<p><a href=\"http:\/\/www.tv-tregor.com\/web-precedent\/www\/streams\/loargann.html\" title=\"Regarder le sujet\"><img decoding=\"async\" src=\"https:\/\/tv-tregor.com\/web-precedent\/IMG\/jpg\/loarganng.jpg\" alt=\"loarganng.jpg\" align=\"center\" \/><\/a> <\/p>\n<p> <BR>  20 ann\u00e9es de Festo\u00f9-Noz et concerts, sur un r\u00e9pertoire \u00e0 danser de Haute et Basse Bretagne.   20 ann\u00e9es d&rsquo;\u00e9volution en m\u00ealant \u00e0 ses influences, des musiques celtiques venues tout droit d&rsquo;Outre Manche&#8230;   Tel est le statut de Loar Gann qui a f\u00eat\u00e9 dignement la date durant deux jours \u00e0 Cavan en y pr\u00e9sentant son nouveau spectacle: Loarell qui signifie , lunaire ou encore satellite en breton.  Immersion dans les coulisses des r\u00e9p\u00e9titions. <\/p>\n","protected":false},"excerpt":{"rendered":"<p><a href=\"https:\/\/tv-tregor.com\/web-precedent\/www\/streams\/loargann.html\" title=\"Regarder le sujet\">Regarder la vid\u00e9o <\/a><\/p>\n<p><a href=\"http:\/\/www.tv-tregor.com\/web-precedent\/www\/streams\/loargann.html\" title=\"Regarder le sujet\"><img decoding=\"async\" src=\"https:\/\/tv-tregor.com\/web-precedent\/IMG\/jpg\/loarganng.jpg\" alt=\"loarganng.jpg\" align=\"center\" \/><\/a> <\/p>\n<p> <BR> 20 ann\u00e9es de Festo\u00f9-Noz et concerts, sur un r\u00e9pertoire \u00e0 danser de Haute et Basse Bretagne. 20 ann\u00e9es d&rsquo;\u00e9volution  \u2026  <a href=\"https:\/\/tv-tregor.com\/web-precedent\/2010\/01\/06\/20-ans-en-musique-735\/\">&#8230;lire le sujet&#8230; <span class=\"meta-nav\">&rarr; <\/span><\/a><\/p>\n","protected":false},"author":1,"featured_media":0,"comment_status":"open","ping_status":"open","sticky":false,"template":"","format":"standard","meta":{"footnotes":""},"categories":[8],"tags":[],"class_list":["post-466","post","type-post","status-publish","format-standard","hentry","category-evenements"],"_links":{"self":[{"href":"https:\/\/tv-tregor.com\/web-precedent\/wp-json\/wp\/v2\/posts\/466","targetHints":{"allow":["GET"]}}],"collection":[{"href":"https:\/\/tv-tregor.com\/web-precedent\/wp-json\/wp\/v2\/posts"}],"about":[{"href":"https:\/\/tv-tregor.com\/web-precedent\/wp-json\/wp\/v2\/types\/post"}],"author":[{"embeddable":true,"href":"https:\/\/tv-tregor.com\/web-precedent\/wp-json\/wp\/v2\/users\/1"}],"replies":[{"embeddable":true,"href":"https:\/\/tv-tregor.com\/web-precedent\/wp-json\/wp\/v2\/comments?post=466"}],"version-history":[{"count":0,"href":"https:\/\/tv-tregor.com\/web-precedent\/wp-json\/wp\/v2\/posts\/466\/revisions"}],"wp:attachment":[{"href":"https:\/\/tv-tregor.com\/web-precedent\/wp-json\/wp\/v2\/media?parent=466"}],"wp:term":[{"taxonomy":"category","embeddable":true,"href":"https:\/\/tv-tregor.com\/web-precedent\/wp-json\/wp\/v2\/categories?post=466"},{"taxonomy":"post_tag","embeddable":true,"href":"https:\/\/tv-tregor.com\/web-precedent\/wp-json\/wp\/v2\/tags?post=466"}],"curies":[{"name":"wp","href":"https:\/\/api.w.org\/{rel}","templated":true}]}}