{"id":460,"date":"2009-12-09T08:00:00","date_gmt":"2009-12-09T07:00:00","guid":{"rendered":"http:\/\/tv-tregor.com\/web-precedent\/2009\/12\/09\/cirkvost-en-residence-5\/"},"modified":"2009-12-09T08:00:00","modified_gmt":"2009-12-09T07:00:00","slug":"cirkvost-en-residence-5","status":"publish","type":"post","link":"https:\/\/tv-tregor.com\/web-precedent\/2009\/12\/09\/cirkvost-en-residence-5\/","title":{"rendered":"Cirkvost en r\u00e9sidence &#8211; 5&prime;"},"content":{"rendered":"<p><a href=\"https:\/\/tv-tregor.com\/web-precedent\/www\/streams\/cirkvost.html\" title=\"Regarder le sujet\">Regarder la vid\u00e9o <\/a><\/p>\n<p><a href=\"http:\/\/www.tv-tregor.com\/web-precedent\/www\/streams\/cirkvost.html\" title=\"Regarder le sujet\"><img decoding=\"async\" src=\"https:\/\/tv-tregor.com\/web-precedent\/IMG\/jpg\/cirkvostg.jpg\" alt=\"cirkvostg.jpg\" align=\"center\" \/><\/a> <\/p>\n<p> <BR>  Depuis pr\u00e8s de deux mois, un \u00e9trange chapiteau se d\u00e9ploie entre le rad\u00f4me et les antennes.   En son c&#339;ur, huit acrobates, un musicien, trois techniciens et une administratrice&#8230; r\u00e9unis autour d&rsquo;un \u00e9picycle impressionnant : une \u00e9norme structure m\u00e9tallique ronde qui culmine \u00e0 13 m 50.  Au terme de ce temps de r\u00e9sidence, Cirkvost s&rsquo;en va rejoindre le cirque-th\u00e9\u00e2tre d&rsquo;Elboeuf, proche de Rouen, tenu par l&rsquo;ancien directeur du Carr\u00e9 Magique, Roger Le Roux.  Pour nous, il faudra attendre la seconde \u00e9dition du festival <em>\u00ab\u00a0Gare au Gorille\u00a0\u00bb<\/em> en mai 2011  pour d\u00e9couvrir le spectacle. D&rsquo;ici l\u00e0, les artistes se produiront dans toute l&rsquo;Europe.   En attendant, place aux r\u00e9p\u00e9titions !<\/p>\n","protected":false},"excerpt":{"rendered":"<p><a href=\"https:\/\/tv-tregor.com\/web-precedent\/www\/streams\/cirkvost.html\" title=\"Regarder le sujet\">Regarder la vid\u00e9o <\/a><\/p>\n<p><a href=\"http:\/\/www.tv-tregor.com\/web-precedent\/www\/streams\/cirkvost.html\" title=\"Regarder le sujet\"><img decoding=\"async\" src=\"https:\/\/tv-tregor.com\/web-precedent\/IMG\/jpg\/cirkvostg.jpg\" alt=\"cirkvostg.jpg\" align=\"center\" \/><\/a> <\/p>\n<p> <BR> Depuis pr\u00e8s de deux mois, un \u00e9trange chapiteau se d\u00e9ploie entre le rad\u00f4me et les antennes. En son c&#339;ur,  \u2026  <a href=\"https:\/\/tv-tregor.com\/web-precedent\/2009\/12\/09\/cirkvost-en-residence-5\/\">&#8230;lire le sujet&#8230; <span class=\"meta-nav\">&rarr; <\/span><\/a><\/p>\n","protected":false},"author":1,"featured_media":0,"comment_status":"open","ping_status":"open","sticky":false,"template":"","format":"standard","meta":{"footnotes":""},"categories":[14],"tags":[],"class_list":["post-460","post","type-post","status-publish","format-standard","hentry","category-culture"],"_links":{"self":[{"href":"https:\/\/tv-tregor.com\/web-precedent\/wp-json\/wp\/v2\/posts\/460","targetHints":{"allow":["GET"]}}],"collection":[{"href":"https:\/\/tv-tregor.com\/web-precedent\/wp-json\/wp\/v2\/posts"}],"about":[{"href":"https:\/\/tv-tregor.com\/web-precedent\/wp-json\/wp\/v2\/types\/post"}],"author":[{"embeddable":true,"href":"https:\/\/tv-tregor.com\/web-precedent\/wp-json\/wp\/v2\/users\/1"}],"replies":[{"embeddable":true,"href":"https:\/\/tv-tregor.com\/web-precedent\/wp-json\/wp\/v2\/comments?post=460"}],"version-history":[{"count":0,"href":"https:\/\/tv-tregor.com\/web-precedent\/wp-json\/wp\/v2\/posts\/460\/revisions"}],"wp:attachment":[{"href":"https:\/\/tv-tregor.com\/web-precedent\/wp-json\/wp\/v2\/media?parent=460"}],"wp:term":[{"taxonomy":"category","embeddable":true,"href":"https:\/\/tv-tregor.com\/web-precedent\/wp-json\/wp\/v2\/categories?post=460"},{"taxonomy":"post_tag","embeddable":true,"href":"https:\/\/tv-tregor.com\/web-precedent\/wp-json\/wp\/v2\/tags?post=460"}],"curies":[{"name":"wp","href":"https:\/\/api.w.org\/{rel}","templated":true}]}}