{"id":455,"date":"2009-11-25T09:00:00","date_gmt":"2009-11-25T08:00:00","guid":{"rendered":"http:\/\/tv-tregor.com\/web-precedent\/2009\/11\/25\/concert-de-soutien-a-laction-humanitaire-de-martine-et-georges-le-meur-11\/"},"modified":"2009-11-25T09:00:00","modified_gmt":"2009-11-25T08:00:00","slug":"concert-de-soutien-a-laction-humanitaire-de-martine-et-georges-le-meur-11","status":"publish","type":"post","link":"https:\/\/tv-tregor.com\/web-precedent\/2009\/11\/25\/concert-de-soutien-a-laction-humanitaire-de-martine-et-georges-le-meur-11\/","title":{"rendered":"Concert de soutien \u00e0 l&rsquo;action humanitaire de Martine et Georges Le Meur &#8211; 11&prime;"},"content":{"rendered":"<p><a href=\"https:\/\/tv-tregor.com\/web-precedent\/www\/streams\/concerthumanitaire.html\" title=\"Regarder le sujet\">Regarder la vid\u00e9o <\/a><\/p>\n<p><a href=\"http:\/\/www.tv-tregor.com\/web-precedent\/www\/streams\/concerthumanitaire.html\" title=\"Regarder le sujet\"><img decoding=\"async\" src=\"https:\/\/tv-tregor.com\/web-precedent\/IMG\/jpg\/concerthumanitaireg.jpg\" alt=\"concerthumanitaireg.jpg\" align=\"center\" \/><\/a> <\/p>\n<p> <BR><em>  \u00a0\u00bb Chants du monde pour les villages s\u00e9n\u00e9galais\u00a0\u00bb<\/em> , un concert donn\u00e9 en l&rsquo;\u00c9glise Saint Jacques de Perros Guirec le samedi 17 octobre par la chorale Rive Gauche de Lannion.  Un concert enregistr\u00e9 par Robert Scamps.<\/p>\n","protected":false},"excerpt":{"rendered":"<p><a href=\"https:\/\/tv-tregor.com\/web-precedent\/www\/streams\/concerthumanitaire.html\" title=\"Regarder le sujet\">Regarder la vid\u00e9o <\/a><\/p>\n<p><a href=\"http:\/\/www.tv-tregor.com\/web-precedent\/www\/streams\/concerthumanitaire.html\" title=\"Regarder le sujet\"><img decoding=\"async\" src=\"https:\/\/tv-tregor.com\/web-precedent\/IMG\/jpg\/concerthumanitaireg.jpg\" alt=\"concerthumanitaireg.jpg\" align=\"center\" \/><\/a> <\/p>\n<p> <BR><em> \u00a0\u00bb Chants du monde pour les villages s\u00e9n\u00e9galais\u00a0\u00bb<\/em> , un concert donn\u00e9 en l&rsquo;\u00c9glise Saint Jacques de Perros Guirec  \u2026  <a href=\"https:\/\/tv-tregor.com\/web-precedent\/2009\/11\/25\/concert-de-soutien-a-laction-humanitaire-de-martine-et-georges-le-meur-11\/\">&#8230;lire le sujet&#8230; <span class=\"meta-nav\">&rarr; <\/span><\/a><\/p>\n","protected":false},"author":1,"featured_media":0,"comment_status":"open","ping_status":"open","sticky":false,"template":"","format":"standard","meta":{"footnotes":""},"categories":[53],"tags":[],"class_list":["post-455","post","type-post","status-publish","format-standard","hentry","category-films-personnels"],"_links":{"self":[{"href":"https:\/\/tv-tregor.com\/web-precedent\/wp-json\/wp\/v2\/posts\/455","targetHints":{"allow":["GET"]}}],"collection":[{"href":"https:\/\/tv-tregor.com\/web-precedent\/wp-json\/wp\/v2\/posts"}],"about":[{"href":"https:\/\/tv-tregor.com\/web-precedent\/wp-json\/wp\/v2\/types\/post"}],"author":[{"embeddable":true,"href":"https:\/\/tv-tregor.com\/web-precedent\/wp-json\/wp\/v2\/users\/1"}],"replies":[{"embeddable":true,"href":"https:\/\/tv-tregor.com\/web-precedent\/wp-json\/wp\/v2\/comments?post=455"}],"version-history":[{"count":0,"href":"https:\/\/tv-tregor.com\/web-precedent\/wp-json\/wp\/v2\/posts\/455\/revisions"}],"wp:attachment":[{"href":"https:\/\/tv-tregor.com\/web-precedent\/wp-json\/wp\/v2\/media?parent=455"}],"wp:term":[{"taxonomy":"category","embeddable":true,"href":"https:\/\/tv-tregor.com\/web-precedent\/wp-json\/wp\/v2\/categories?post=455"},{"taxonomy":"post_tag","embeddable":true,"href":"https:\/\/tv-tregor.com\/web-precedent\/wp-json\/wp\/v2\/tags?post=455"}],"curies":[{"name":"wp","href":"https:\/\/api.w.org\/{rel}","templated":true}]}}