{"id":447,"date":"2009-10-20T17:00:00","date_gmt":"2009-10-20T16:00:00","guid":{"rendered":"http:\/\/tv-tregor.com\/web-precedent\/2009\/10\/20\/tregor-goelo-terre-dhistoire-eglise-saint-ivy-a-loguivy-les-lannion-6\/"},"modified":"2009-10-20T17:00:00","modified_gmt":"2009-10-20T16:00:00","slug":"tregor-goelo-terre-dhistoire-eglise-saint-ivy-a-loguivy-les-lannion-6","status":"publish","type":"post","link":"https:\/\/tv-tregor.com\/web-precedent\/2009\/10\/20\/tregor-goelo-terre-dhistoire-eglise-saint-ivy-a-loguivy-les-lannion-6\/","title":{"rendered":"Tr\u00e9gor Go\u00eblo, Terre d&rsquo;Histoire : Eglise Saint-Ivy \u00e0 Loguivy-L\u00e8s-Lannion &#8211; 6&prime;"},"content":{"rendered":"<p><a href=\"https:\/\/tv-tregor.com\/web-precedent\/www\/streams\/ivy.html\" title=\"Regarder le sujet\">Regarder la vid\u00e9o <\/a><\/p>\n<p><a href=\"http:\/\/www.tv-tregor.com\/web-precedent\/www\/streams\/ivy.html\" title=\"Regarder le sujet\"><img decoding=\"async\" src=\"https:\/\/tv-tregor.com\/web-precedent\/IMG\/jpg\/egliseg.jpg\" alt=\"egliseg.jpg\" align=\"center\" \/><\/a> <\/p>\n<p> <BR>  Dimanche 25 octobre prochain, sera b\u00e9ni le nouveau clocher de l&rsquo;\u00e9glise de Loguivy-L\u00e8s-Lannion. C\u00e9r\u00e9monie qui sera suivie d&rsquo;animations.  C&rsquo;est donc l&rsquo;occasion de se pencher sur cet \u00e9difice du XVIe si\u00e8cle.    A l&rsquo;ext\u00e9rieur, un plan rectangulaire, un enclos paroissial, un porche monumental et une fontaine en forme de colonne \u00e0 vasque dat\u00e9e de 1577 ainsi qu&#8217;un if s\u00e9culaire.  A l&#8217;int\u00e9rieur, une voute lambriss\u00e9e peinte en bleu et un retable de la Nativit\u00e9.  En bordure du L\u00e9guer, une fontaine en granit du XVIe d\u00e9di\u00e9e au saint qui est c\u00e9l\u00e9br\u00e9 le premier dimanche de mai.   Petite visite&#8230;<\/p>\n","protected":false},"excerpt":{"rendered":"<p><a href=\"https:\/\/tv-tregor.com\/web-precedent\/www\/streams\/ivy.html\" title=\"Regarder le sujet\">Regarder la vid\u00e9o <\/a><\/p>\n<p><a href=\"http:\/\/www.tv-tregor.com\/web-precedent\/www\/streams\/ivy.html\" title=\"Regarder le sujet\"><img decoding=\"async\" src=\"https:\/\/tv-tregor.com\/web-precedent\/IMG\/jpg\/egliseg.jpg\" alt=\"egliseg.jpg\" align=\"center\" \/><\/a> <\/p>\n<p> <BR> Dimanche 25 octobre prochain, sera b\u00e9ni le nouveau clocher de l&rsquo;\u00e9glise de Loguivy-L\u00e8s-Lannion. C\u00e9r\u00e9monie qui sera suivie d&rsquo;animations. C&rsquo;est  \u2026  <a href=\"https:\/\/tv-tregor.com\/web-precedent\/2009\/10\/20\/tregor-goelo-terre-dhistoire-eglise-saint-ivy-a-loguivy-les-lannion-6\/\">&#8230;lire le sujet&#8230; <span class=\"meta-nav\">&rarr; <\/span><\/a><\/p>\n","protected":false},"author":1,"featured_media":0,"comment_status":"open","ping_status":"open","sticky":false,"template":"","format":"standard","meta":{"footnotes":""},"categories":[23],"tags":[],"class_list":["post-447","post","type-post","status-publish","format-standard","hentry","category-patrimoine"],"_links":{"self":[{"href":"https:\/\/tv-tregor.com\/web-precedent\/wp-json\/wp\/v2\/posts\/447","targetHints":{"allow":["GET"]}}],"collection":[{"href":"https:\/\/tv-tregor.com\/web-precedent\/wp-json\/wp\/v2\/posts"}],"about":[{"href":"https:\/\/tv-tregor.com\/web-precedent\/wp-json\/wp\/v2\/types\/post"}],"author":[{"embeddable":true,"href":"https:\/\/tv-tregor.com\/web-precedent\/wp-json\/wp\/v2\/users\/1"}],"replies":[{"embeddable":true,"href":"https:\/\/tv-tregor.com\/web-precedent\/wp-json\/wp\/v2\/comments?post=447"}],"version-history":[{"count":0,"href":"https:\/\/tv-tregor.com\/web-precedent\/wp-json\/wp\/v2\/posts\/447\/revisions"}],"wp:attachment":[{"href":"https:\/\/tv-tregor.com\/web-precedent\/wp-json\/wp\/v2\/media?parent=447"}],"wp:term":[{"taxonomy":"category","embeddable":true,"href":"https:\/\/tv-tregor.com\/web-precedent\/wp-json\/wp\/v2\/categories?post=447"},{"taxonomy":"post_tag","embeddable":true,"href":"https:\/\/tv-tregor.com\/web-precedent\/wp-json\/wp\/v2\/tags?post=447"}],"curies":[{"name":"wp","href":"https:\/\/api.w.org\/{rel}","templated":true}]}}