{"id":445,"date":"2009-10-14T07:55:00","date_gmt":"2009-10-14T06:55:00","guid":{"rendered":"http:\/\/tv-tregor.com\/web-precedent\/2009\/10\/14\/association-ornithologique-du-tregor-5\/"},"modified":"2009-10-14T07:55:00","modified_gmt":"2009-10-14T06:55:00","slug":"association-ornithologique-du-tregor-5","status":"publish","type":"post","link":"https:\/\/tv-tregor.com\/web-precedent\/2009\/10\/14\/association-ornithologique-du-tregor-5\/","title":{"rendered":"Association Ornithologique du Tr\u00e9gor &#8211; 5&prime;"},"content":{"rendered":"<p><a href=\"https:\/\/tv-tregor.com\/web-precedent\/www\/streams\/oiseaux.html\" title=\"Regarder le sujet\">Regarder la vid\u00e9o <\/a><\/p>\n<p><a href=\"http:\/\/www.tv-tregor.com\/web-precedent\/www\/streams\/oiseaux.html\" title=\"Regarder le sujet\"><img decoding=\"async\" src=\"https:\/\/tv-tregor.com\/web-precedent\/IMG\/jpg\/oiseauxg.jpg\" alt=\"oiseauxg.jpg\" align=\"center\" \/><\/a> <\/p>\n<p> <BR>  Canaris, perruches, perroquets&#8230;   Pr\u00e8s de 500 oiseaux se sont r\u00e9unis la semaine derni\u00e8re au Carec \u00e0 Ploubezre le temps d&rsquo;un concours et d&rsquo;une exposition, et le tout sous la coupe de l&rsquo;association ornithologique du Tr\u00e9gor.   L&rsquo;occasion de d\u00e9couvrir qu&rsquo;un canari peut \u00eatre de couleur, de posture ou de chant, qu&rsquo;une perruche peut provenir d&rsquo;Australie, d&rsquo;Am\u00e9rique ou d&rsquo;Europe et qu&rsquo;il existe toutes sortes de cat\u00e9gories pour les juger. <\/p>\n","protected":false},"excerpt":{"rendered":"<p><a href=\"https:\/\/tv-tregor.com\/web-precedent\/www\/streams\/oiseaux.html\" title=\"Regarder le sujet\">Regarder la vid\u00e9o <\/a><\/p>\n<p><a href=\"http:\/\/www.tv-tregor.com\/web-precedent\/www\/streams\/oiseaux.html\" title=\"Regarder le sujet\"><img decoding=\"async\" src=\"https:\/\/tv-tregor.com\/web-precedent\/IMG\/jpg\/oiseauxg.jpg\" alt=\"oiseauxg.jpg\" align=\"center\" \/><\/a> <\/p>\n<p> <BR> Canaris, perruches, perroquets&#8230; Pr\u00e8s de 500 oiseaux se sont r\u00e9unis la semaine derni\u00e8re au Carec \u00e0 Ploubezre le temps  \u2026  <a href=\"https:\/\/tv-tregor.com\/web-precedent\/2009\/10\/14\/association-ornithologique-du-tregor-5\/\">&#8230;lire le sujet&#8230; <span class=\"meta-nav\">&rarr; <\/span><\/a><\/p>\n","protected":false},"author":1,"featured_media":0,"comment_status":"open","ping_status":"open","sticky":false,"template":"","format":"standard","meta":{"footnotes":""},"categories":[17],"tags":[],"class_list":["post-445","post","type-post","status-publish","format-standard","hentry","category-loisirs"],"_links":{"self":[{"href":"https:\/\/tv-tregor.com\/web-precedent\/wp-json\/wp\/v2\/posts\/445","targetHints":{"allow":["GET"]}}],"collection":[{"href":"https:\/\/tv-tregor.com\/web-precedent\/wp-json\/wp\/v2\/posts"}],"about":[{"href":"https:\/\/tv-tregor.com\/web-precedent\/wp-json\/wp\/v2\/types\/post"}],"author":[{"embeddable":true,"href":"https:\/\/tv-tregor.com\/web-precedent\/wp-json\/wp\/v2\/users\/1"}],"replies":[{"embeddable":true,"href":"https:\/\/tv-tregor.com\/web-precedent\/wp-json\/wp\/v2\/comments?post=445"}],"version-history":[{"count":0,"href":"https:\/\/tv-tregor.com\/web-precedent\/wp-json\/wp\/v2\/posts\/445\/revisions"}],"wp:attachment":[{"href":"https:\/\/tv-tregor.com\/web-precedent\/wp-json\/wp\/v2\/media?parent=445"}],"wp:term":[{"taxonomy":"category","embeddable":true,"href":"https:\/\/tv-tregor.com\/web-precedent\/wp-json\/wp\/v2\/categories?post=445"},{"taxonomy":"post_tag","embeddable":true,"href":"https:\/\/tv-tregor.com\/web-precedent\/wp-json\/wp\/v2\/tags?post=445"}],"curies":[{"name":"wp","href":"https:\/\/api.w.org\/{rel}","templated":true}]}}