{"id":439,"date":"2009-09-23T08:00:00","date_gmt":"2009-09-23T07:00:00","guid":{"rendered":"http:\/\/tv-tregor.com\/web-precedent\/2009\/09\/23\/journee-blanche-540\/"},"modified":"2009-09-23T08:00:00","modified_gmt":"2009-09-23T07:00:00","slug":"journee-blanche-540","status":"publish","type":"post","link":"https:\/\/tv-tregor.com\/web-precedent\/2009\/09\/23\/journee-blanche-540\/","title":{"rendered":"Journ\u00e9e blanche&#8230;- 5&rsquo;40"},"content":{"rendered":"<p><a href=\"https:\/\/tv-tregor.com\/web-precedent\/www\/streams\/crisedulait.html\" title=\"Regarder le sujet\">Regarder la vid\u00e9o <\/a><\/p>\n<p><a href=\"http:\/\/www.tv-tregor.com\/web-precedent\/www\/streams\/crisedulait.html\" title=\"Regarder le sujet\"><img decoding=\"async\" src=\"https:\/\/tv-tregor.com\/web-precedent\/IMG\/jpg\/crisedulaitg.jpg\" alt=\"crisedulaitg.jpg\" align=\"center\" \/><\/a> <\/p>\n<p> <BR>  Vendredi dernier, ils \u00e9taient entre 150 et 200 tracteurs \u00e0 d\u00e9verser leur lait \u00e0 Plouisy. Les producteurs laitiers sous la banni\u00e8re de l&rsquo;Apli, l&rsquo;association des producteurs de lait ind\u00e9pendants, demandaient une r\u00e9gularisation du march\u00e9 europ\u00e9en et un prix d&rsquo;achat au producteur de 40 centimes par litre de lait contre les 27 centimes actuels.   Suite \u00e0 cette \u00ab\u00a0journ\u00e9e blanche\u00a0\u00bb, le ministre de l&rsquo;Agriculture, Bruno Le Maire, qui recevait les principales organisations syndicales samedi dernier, a tent\u00e9 de se montrer rassurant en promettant une \u00ab\u00a0nouvelle r\u00e9gularisation europ\u00e9enne\u00a0\u00bb pour garantir un revenu stable aux producteurs.   En attendant, au niveau local, rien ne change&#8230;<\/p>\n","protected":false},"excerpt":{"rendered":"<p><a href=\"https:\/\/tv-tregor.com\/web-precedent\/www\/streams\/crisedulait.html\" title=\"Regarder le sujet\">Regarder la vid\u00e9o <\/a><\/p>\n<p><a href=\"http:\/\/www.tv-tregor.com\/web-precedent\/www\/streams\/crisedulait.html\" title=\"Regarder le sujet\"><img decoding=\"async\" src=\"https:\/\/tv-tregor.com\/web-precedent\/IMG\/jpg\/crisedulaitg.jpg\" alt=\"crisedulaitg.jpg\" align=\"center\" \/><\/a> <\/p>\n<p> <BR> Vendredi dernier, ils \u00e9taient entre 150 et 200 tracteurs \u00e0 d\u00e9verser leur lait \u00e0 Plouisy. Les producteurs laitiers sous  \u2026  <a href=\"https:\/\/tv-tregor.com\/web-precedent\/2009\/09\/23\/journee-blanche-540\/\">&#8230;lire le sujet&#8230; <span class=\"meta-nav\">&rarr; <\/span><\/a><\/p>\n","protected":false},"author":1,"featured_media":0,"comment_status":"open","ping_status":"open","sticky":false,"template":"","format":"standard","meta":{"footnotes":""},"categories":[2],"tags":[],"class_list":["post-439","post","type-post","status-publish","format-standard","hentry","category-info-locale"],"_links":{"self":[{"href":"https:\/\/tv-tregor.com\/web-precedent\/wp-json\/wp\/v2\/posts\/439","targetHints":{"allow":["GET"]}}],"collection":[{"href":"https:\/\/tv-tregor.com\/web-precedent\/wp-json\/wp\/v2\/posts"}],"about":[{"href":"https:\/\/tv-tregor.com\/web-precedent\/wp-json\/wp\/v2\/types\/post"}],"author":[{"embeddable":true,"href":"https:\/\/tv-tregor.com\/web-precedent\/wp-json\/wp\/v2\/users\/1"}],"replies":[{"embeddable":true,"href":"https:\/\/tv-tregor.com\/web-precedent\/wp-json\/wp\/v2\/comments?post=439"}],"version-history":[{"count":0,"href":"https:\/\/tv-tregor.com\/web-precedent\/wp-json\/wp\/v2\/posts\/439\/revisions"}],"wp:attachment":[{"href":"https:\/\/tv-tregor.com\/web-precedent\/wp-json\/wp\/v2\/media?parent=439"}],"wp:term":[{"taxonomy":"category","embeddable":true,"href":"https:\/\/tv-tregor.com\/web-precedent\/wp-json\/wp\/v2\/categories?post=439"},{"taxonomy":"post_tag","embeddable":true,"href":"https:\/\/tv-tregor.com\/web-precedent\/wp-json\/wp\/v2\/tags?post=439"}],"curies":[{"name":"wp","href":"https:\/\/api.w.org\/{rel}","templated":true}]}}