{"id":436,"date":"2009-09-16T08:00:00","date_gmt":"2009-09-16T07:00:00","guid":{"rendered":"http:\/\/tv-tregor.com\/web-precedent\/2009\/09\/16\/court-metrage-abords-de-ferme-amenager-autrement-941\/"},"modified":"2009-09-16T08:00:00","modified_gmt":"2009-09-16T07:00:00","slug":"court-metrage-abords-de-ferme-amenager-autrement-941","status":"publish","type":"post","link":"https:\/\/tv-tregor.com\/web-precedent\/2009\/09\/16\/court-metrage-abords-de-ferme-amenager-autrement-941\/","title":{"rendered":"Court-m\u00e9trage: Abords de ferme, am\u00e9nager autrement &#8211; 9&rsquo;41"},"content":{"rendered":"<p><a href=\"https:\/\/tv-tregor.com\/web-precedent\/www\/streams\/abords.html\" title=\"Regarder le sujet\">Regarder la vid\u00e9o <\/a><\/p>\n<p><a href=\"http:\/\/www.tv-tregor.com\/web-precedent\/www\/streams\/abords.html\" title=\"Regarder le sujet\"><img decoding=\"async\" src=\"https:\/\/tv-tregor.com\/web-precedent\/IMG\/jpg\/abordg.jpg\" alt=\"abordg.jpg\" align=\"center\" \/><\/a> <\/p>\n<p> <BR>   La r\u00e9duction voire la suppression du d\u00e9sherbage chimique restent un sujet d&#8217;actualit\u00e9 De nombreux agriculteurs cherchent \u00e0 r\u00e9duire l&#8217;usage des pesticides, notamment autour de leurs b\u00e2timents de ferme.   Depuis plusieurs ann\u00e9es, la Chambre d&#8217;agriculture accompagne les agriculteurs au travers notamment de formations. Cette ann\u00e9e, un court m\u00e9trage a \u00e9t\u00e9 r\u00e9alis\u00e9 avec le concours de l&#8217;association Tr\u00e9gor Vid\u00e9o.   Trois agriculteurs du bassin versant du L\u00e9guer y partagent leurs exp\u00e9riences. Ce film, support de r\u00e9flexion, retrace les motivations, les pratiques, les efforts consentis et les gains de ces agriculteurs.   <em>Pour tout savoir sur les formations \u00ab am\u00e9nagement \u00bb, contactez votre animateur agricole ou le Service Am\u00e9nagement Environnement de la Chambre d&#8217;agriculture au 02.96.79.22.12.<\/em><\/p>\n","protected":false},"excerpt":{"rendered":"<p><a href=\"https:\/\/tv-tregor.com\/web-precedent\/www\/streams\/abords.html\" title=\"Regarder le sujet\">Regarder la vid\u00e9o <\/a><\/p>\n<p><a href=\"http:\/\/www.tv-tregor.com\/web-precedent\/www\/streams\/abords.html\" title=\"Regarder le sujet\"><img decoding=\"async\" src=\"https:\/\/tv-tregor.com\/web-precedent\/IMG\/jpg\/abordg.jpg\" alt=\"abordg.jpg\" align=\"center\" \/><\/a> <\/p>\n<p> <BR> La r\u00e9duction voire la suppression du d\u00e9sherbage chimique restent un sujet d&#8217;actualit\u00e9 De nombreux agriculteurs cherchent \u00e0 r\u00e9duire l&#8217;usage  \u2026  <a href=\"https:\/\/tv-tregor.com\/web-precedent\/2009\/09\/16\/court-metrage-abords-de-ferme-amenager-autrement-941\/\">&#8230;lire le sujet&#8230; <span class=\"meta-nav\">&rarr; <\/span><\/a><\/p>\n","protected":false},"author":1,"featured_media":0,"comment_status":"open","ping_status":"open","sticky":false,"template":"","format":"standard","meta":{"footnotes":""},"categories":[2],"tags":[],"class_list":["post-436","post","type-post","status-publish","format-standard","hentry","category-info-locale"],"_links":{"self":[{"href":"https:\/\/tv-tregor.com\/web-precedent\/wp-json\/wp\/v2\/posts\/436","targetHints":{"allow":["GET"]}}],"collection":[{"href":"https:\/\/tv-tregor.com\/web-precedent\/wp-json\/wp\/v2\/posts"}],"about":[{"href":"https:\/\/tv-tregor.com\/web-precedent\/wp-json\/wp\/v2\/types\/post"}],"author":[{"embeddable":true,"href":"https:\/\/tv-tregor.com\/web-precedent\/wp-json\/wp\/v2\/users\/1"}],"replies":[{"embeddable":true,"href":"https:\/\/tv-tregor.com\/web-precedent\/wp-json\/wp\/v2\/comments?post=436"}],"version-history":[{"count":0,"href":"https:\/\/tv-tregor.com\/web-precedent\/wp-json\/wp\/v2\/posts\/436\/revisions"}],"wp:attachment":[{"href":"https:\/\/tv-tregor.com\/web-precedent\/wp-json\/wp\/v2\/media?parent=436"}],"wp:term":[{"taxonomy":"category","embeddable":true,"href":"https:\/\/tv-tregor.com\/web-precedent\/wp-json\/wp\/v2\/categories?post=436"},{"taxonomy":"post_tag","embeddable":true,"href":"https:\/\/tv-tregor.com\/web-precedent\/wp-json\/wp\/v2\/tags?post=436"}],"curies":[{"name":"wp","href":"https:\/\/api.w.org\/{rel}","templated":true}]}}