{"id":434,"date":"2009-09-09T07:55:00","date_gmt":"2009-09-09T06:55:00","guid":{"rendered":"http:\/\/tv-tregor.com\/web-precedent\/2009\/09\/09\/pierre-vimont-portrait-dun-collectionneur-709\/"},"modified":"2009-09-09T07:55:00","modified_gmt":"2009-09-09T06:55:00","slug":"pierre-vimont-portrait-dun-collectionneur-709","status":"publish","type":"post","link":"https:\/\/tv-tregor.com\/web-precedent\/2009\/09\/09\/pierre-vimont-portrait-dun-collectionneur-709\/","title":{"rendered":"Pierre Vimont, portrait d&rsquo;un collectionneur &#8211; 7&rsquo;09"},"content":{"rendered":"<p><a href=\"https:\/\/tv-tregor.com\/web-precedent\/www\/streams\/vimont.html\" title=\"Regarder le sujet\">Regarder la vid\u00e9o <\/a><\/p>\n<p><a href=\"http:\/\/www.tv-tregor.com\/web-precedent\/www\/streams\/vimont.html\" title=\"Regarder le sujet\"><img decoding=\"async\" src=\"https:\/\/tv-tregor.com\/web-precedent\/IMG\/jpg\/vimontg.jpg\" alt=\"vimontg.jpg\" align=\"center\" \/><\/a> <\/p>\n<p> <BR>  Le phonographe de sa grand-m\u00e8re. Destruction puis reconstruction \u00e0 l&rsquo;identique des ann\u00e9es plus tard, telle fut la vie de cet objet qui marqua le d\u00e9but d&rsquo;une collection plus qu&rsquo;importante pour ce fils de m\u00e9canicien.   Au fil des ans, Pierre Vimont r\u00e9ussit \u00e0 collecter toutes sortes d&rsquo;appareils technologiques datant de la fin du XIXe et du d\u00e9but du XXe si\u00e8cle. Poste de radio, pendule num\u00e9rique, projecteurs de cin\u00e9ma, voitures et bien s\u00fbr de nombreux phonographes.   Visite au c&#339;ur d&rsquo;un v\u00e9ritable patrimoine technologique.<\/p>\n","protected":false},"excerpt":{"rendered":"<p><a href=\"https:\/\/tv-tregor.com\/web-precedent\/www\/streams\/vimont.html\" title=\"Regarder le sujet\">Regarder la vid\u00e9o <\/a><\/p>\n<p><a href=\"http:\/\/www.tv-tregor.com\/web-precedent\/www\/streams\/vimont.html\" title=\"Regarder le sujet\"><img decoding=\"async\" src=\"https:\/\/tv-tregor.com\/web-precedent\/IMG\/jpg\/vimontg.jpg\" alt=\"vimontg.jpg\" align=\"center\" \/><\/a> <\/p>\n<p> <BR> Le phonographe de sa grand-m\u00e8re. Destruction puis reconstruction \u00e0 l&rsquo;identique des ann\u00e9es plus tard, telle fut la vie de  \u2026  <a href=\"https:\/\/tv-tregor.com\/web-precedent\/2009\/09\/09\/pierre-vimont-portrait-dun-collectionneur-709\/\">&#8230;lire le sujet&#8230; <span class=\"meta-nav\">&rarr; <\/span><\/a><\/p>\n","protected":false},"author":1,"featured_media":0,"comment_status":"open","ping_status":"open","sticky":false,"template":"","format":"standard","meta":{"footnotes":""},"categories":[23],"tags":[],"class_list":["post-434","post","type-post","status-publish","format-standard","hentry","category-patrimoine"],"_links":{"self":[{"href":"https:\/\/tv-tregor.com\/web-precedent\/wp-json\/wp\/v2\/posts\/434","targetHints":{"allow":["GET"]}}],"collection":[{"href":"https:\/\/tv-tregor.com\/web-precedent\/wp-json\/wp\/v2\/posts"}],"about":[{"href":"https:\/\/tv-tregor.com\/web-precedent\/wp-json\/wp\/v2\/types\/post"}],"author":[{"embeddable":true,"href":"https:\/\/tv-tregor.com\/web-precedent\/wp-json\/wp\/v2\/users\/1"}],"replies":[{"embeddable":true,"href":"https:\/\/tv-tregor.com\/web-precedent\/wp-json\/wp\/v2\/comments?post=434"}],"version-history":[{"count":0,"href":"https:\/\/tv-tregor.com\/web-precedent\/wp-json\/wp\/v2\/posts\/434\/revisions"}],"wp:attachment":[{"href":"https:\/\/tv-tregor.com\/web-precedent\/wp-json\/wp\/v2\/media?parent=434"}],"wp:term":[{"taxonomy":"category","embeddable":true,"href":"https:\/\/tv-tregor.com\/web-precedent\/wp-json\/wp\/v2\/categories?post=434"},{"taxonomy":"post_tag","embeddable":true,"href":"https:\/\/tv-tregor.com\/web-precedent\/wp-json\/wp\/v2\/tags?post=434"}],"curies":[{"name":"wp","href":"https:\/\/api.w.org\/{rel}","templated":true}]}}