{"id":433,"date":"2009-09-02T08:00:00","date_gmt":"2009-09-02T07:00:00","guid":{"rendered":"http:\/\/tv-tregor.com\/web-precedent\/2009\/09\/02\/tronc-commun-une-mise-en-arbre-artistique-410\/"},"modified":"2009-09-02T08:00:00","modified_gmt":"2009-09-02T07:00:00","slug":"tronc-commun-une-mise-en-arbre-artistique-410","status":"publish","type":"post","link":"https:\/\/tv-tregor.com\/web-precedent\/2009\/09\/02\/tronc-commun-une-mise-en-arbre-artistique-410\/","title":{"rendered":"Tronc commun, une \u00ab\u00a0mise en arbre\u00a0\u00bb artistique &#8211; 4&rsquo;10"},"content":{"rendered":"<p><a href=\"https:\/\/tv-tregor.com\/web-precedent\/www\/streams\/tronccommun.html\" title=\"Regarder le sujet\">Regarder la vid\u00e9o <\/a><\/p>\n<p><a href=\"http:\/\/www.tv-tregor.com\/web-precedent\/www\/streams\/tronccommun.html\" title=\"Regarder le sujet\"><img decoding=\"async\" src=\"https:\/\/tv-tregor.com\/web-precedent\/IMG\/jpg\/tronccommung.jpg\" alt=\"tronccommung.jpg\" align=\"center\" \/><\/a> <\/p>\n<p> <BR> Durant une semaine d&rsquo;ao\u00fbt, un \u00e9trange ballet a\u00e9rien se d\u00e9roulait \u00e0 la cime des arbres du domaine de La Roche Jagu.   5 artistes grimpeurs, 2 techniciens , un concepteurs de d\u00e9cors et un oeil ext\u00e9rieur se sont donn\u00e9s rendez-vous autour d&rsquo;un projet qui se construit dans, autour et par l&rsquo;arbre.   Un beau m\u00e9lange d&rsquo;envol\u00e9es po\u00e9tiques, a\u00e9riennes et musicales qui cherche des partenaires pour les accueillir en r\u00e9sidence au pintemps 2010.   Extrait.<\/p>\n","protected":false},"excerpt":{"rendered":"<p><a href=\"https:\/\/tv-tregor.com\/web-precedent\/www\/streams\/tronccommun.html\" title=\"Regarder le sujet\">Regarder la vid\u00e9o <\/a><\/p>\n<p><a href=\"http:\/\/www.tv-tregor.com\/web-precedent\/www\/streams\/tronccommun.html\" title=\"Regarder le sujet\"><img decoding=\"async\" src=\"https:\/\/tv-tregor.com\/web-precedent\/IMG\/jpg\/tronccommung.jpg\" alt=\"tronccommung.jpg\" align=\"center\" \/><\/a> <\/p>\n<p> <BR> Durant une semaine d&rsquo;ao\u00fbt, un \u00e9trange ballet a\u00e9rien se d\u00e9roulait \u00e0 la cime des arbres du domaine de La  \u2026  <a href=\"https:\/\/tv-tregor.com\/web-precedent\/2009\/09\/02\/tronc-commun-une-mise-en-arbre-artistique-410\/\">&#8230;lire le sujet&#8230; <span class=\"meta-nav\">&rarr; <\/span><\/a><\/p>\n","protected":false},"author":1,"featured_media":0,"comment_status":"open","ping_status":"open","sticky":false,"template":"","format":"standard","meta":{"footnotes":""},"categories":[14],"tags":[],"class_list":["post-433","post","type-post","status-publish","format-standard","hentry","category-culture"],"_links":{"self":[{"href":"https:\/\/tv-tregor.com\/web-precedent\/wp-json\/wp\/v2\/posts\/433","targetHints":{"allow":["GET"]}}],"collection":[{"href":"https:\/\/tv-tregor.com\/web-precedent\/wp-json\/wp\/v2\/posts"}],"about":[{"href":"https:\/\/tv-tregor.com\/web-precedent\/wp-json\/wp\/v2\/types\/post"}],"author":[{"embeddable":true,"href":"https:\/\/tv-tregor.com\/web-precedent\/wp-json\/wp\/v2\/users\/1"}],"replies":[{"embeddable":true,"href":"https:\/\/tv-tregor.com\/web-precedent\/wp-json\/wp\/v2\/comments?post=433"}],"version-history":[{"count":0,"href":"https:\/\/tv-tregor.com\/web-precedent\/wp-json\/wp\/v2\/posts\/433\/revisions"}],"wp:attachment":[{"href":"https:\/\/tv-tregor.com\/web-precedent\/wp-json\/wp\/v2\/media?parent=433"}],"wp:term":[{"taxonomy":"category","embeddable":true,"href":"https:\/\/tv-tregor.com\/web-precedent\/wp-json\/wp\/v2\/categories?post=433"},{"taxonomy":"post_tag","embeddable":true,"href":"https:\/\/tv-tregor.com\/web-precedent\/wp-json\/wp\/v2\/tags?post=433"}],"curies":[{"name":"wp","href":"https:\/\/api.w.org\/{rel}","templated":true}]}}