{"id":430,"date":"2009-08-12T07:55:00","date_gmt":"2009-08-12T06:55:00","guid":{"rendered":"http:\/\/tv-tregor.com\/web-precedent\/2009\/08\/12\/bagad-et-samba-au-festival-interceltique-de-lorient-528\/"},"modified":"2009-08-12T07:55:00","modified_gmt":"2009-08-12T06:55:00","slug":"bagad-et-samba-au-festival-interceltique-de-lorient-528","status":"publish","type":"post","link":"https:\/\/tv-tregor.com\/web-precedent\/2009\/08\/12\/bagad-et-samba-au-festival-interceltique-de-lorient-528\/","title":{"rendered":"Bagad et samba au Festival Interceltique de Lorient- 5&rsquo;28"},"content":{"rendered":"<p><a href=\"https:\/\/tv-tregor.com\/web-precedent\/www\/streams\/lorient.html\" title=\"Regarder le sujet\">Regarder la vid\u00e9o <\/a><\/p>\n<p><a href=\"http:\/\/www.tv-tregor.com\/web-precedent\/www\/streams\/lorient.html\" title=\"Regarder le sujet\"><img decoding=\"async\" src=\"https:\/\/tv-tregor.com\/web-precedent\/IMG\/jpg\/lorientg.jpg\" alt=\"lorientg.jpg\" align=\"center\" \/><\/a> <\/p>\n<p> <BR>   Une premi\u00e8re. Sambazar, le groupe de batucada de Lannion accompagnait le Bagad de Perros-Guirec au festival interceltique de Lorient les 1er et 2 Ao\u00fbt dernier.   Apr\u00e8s une semaine de r\u00e9p\u00e9titions acharn\u00e9es dans le Tr\u00e9gor, les deux ensembles musicaux ont pris la route vers Lorient, son concours et sa parade. Ainsi percu br\u00e9siliennes et cornemuses se sont associ\u00e9es pour le bonheur des oreilles.  Un sujet tout en musique de Jacques Cerutti.<\/p>\n","protected":false},"excerpt":{"rendered":"<p><a href=\"https:\/\/tv-tregor.com\/web-precedent\/www\/streams\/lorient.html\" title=\"Regarder le sujet\">Regarder la vid\u00e9o <\/a><\/p>\n<p><a href=\"http:\/\/www.tv-tregor.com\/web-precedent\/www\/streams\/lorient.html\" title=\"Regarder le sujet\"><img decoding=\"async\" src=\"https:\/\/tv-tregor.com\/web-precedent\/IMG\/jpg\/lorientg.jpg\" alt=\"lorientg.jpg\" align=\"center\" \/><\/a> <\/p>\n<p> <BR> Une premi\u00e8re. Sambazar, le groupe de batucada de Lannion accompagnait le Bagad de Perros-Guirec au festival interceltique de Lorient  \u2026  <a href=\"https:\/\/tv-tregor.com\/web-precedent\/2009\/08\/12\/bagad-et-samba-au-festival-interceltique-de-lorient-528\/\">&#8230;lire le sujet&#8230; <span class=\"meta-nav\">&rarr; <\/span><\/a><\/p>\n","protected":false},"author":1,"featured_media":0,"comment_status":"open","ping_status":"open","sticky":false,"template":"","format":"standard","meta":{"footnotes":""},"categories":[8],"tags":[],"class_list":["post-430","post","type-post","status-publish","format-standard","hentry","category-evenements"],"_links":{"self":[{"href":"https:\/\/tv-tregor.com\/web-precedent\/wp-json\/wp\/v2\/posts\/430","targetHints":{"allow":["GET"]}}],"collection":[{"href":"https:\/\/tv-tregor.com\/web-precedent\/wp-json\/wp\/v2\/posts"}],"about":[{"href":"https:\/\/tv-tregor.com\/web-precedent\/wp-json\/wp\/v2\/types\/post"}],"author":[{"embeddable":true,"href":"https:\/\/tv-tregor.com\/web-precedent\/wp-json\/wp\/v2\/users\/1"}],"replies":[{"embeddable":true,"href":"https:\/\/tv-tregor.com\/web-precedent\/wp-json\/wp\/v2\/comments?post=430"}],"version-history":[{"count":0,"href":"https:\/\/tv-tregor.com\/web-precedent\/wp-json\/wp\/v2\/posts\/430\/revisions"}],"wp:attachment":[{"href":"https:\/\/tv-tregor.com\/web-precedent\/wp-json\/wp\/v2\/media?parent=430"}],"wp:term":[{"taxonomy":"category","embeddable":true,"href":"https:\/\/tv-tregor.com\/web-precedent\/wp-json\/wp\/v2\/categories?post=430"},{"taxonomy":"post_tag","embeddable":true,"href":"https:\/\/tv-tregor.com\/web-precedent\/wp-json\/wp\/v2\/tags?post=430"}],"curies":[{"name":"wp","href":"https:\/\/api.w.org\/{rel}","templated":true}]}}