{"id":427,"date":"2009-07-29T07:55:00","date_gmt":"2009-07-29T06:55:00","guid":{"rendered":"http:\/\/tv-tregor.com\/web-precedent\/2009\/07\/29\/ker-uhel-en-musique-330\/"},"modified":"2009-07-29T07:55:00","modified_gmt":"2009-07-29T06:55:00","slug":"ker-uhel-en-musique-330","status":"publish","type":"post","link":"https:\/\/tv-tregor.com\/web-precedent\/2009\/07\/29\/ker-uhel-en-musique-330\/","title":{"rendered":"Ker Uhel en Musique- 3&rsquo;30"},"content":{"rendered":"<p><a href=\"https:\/\/tv-tregor.com\/web-precedent\/www\/streams\/fetemusique2009.html\" title=\"Regarder le sujet\">Regarder la vid\u00e9o <\/a><\/p>\n<p><a href=\"http:\/\/www.tv-tregor.com\/web-precedent\/www\/streams\/fetemusique2009.html\" title=\"Regarder le sujet\"><img decoding=\"async\" src=\"https:\/\/tv-tregor.com\/web-precedent\/IMG\/jpg\/fetemusique2009g.jpg\" alt=\"fetemusique2009g.jpg\" align=\"center\" \/><\/a> <\/p>\n<p> <BR>  Le 20 juin dernier, retentissaient entre les murs du quartier de Ker Uhel \u00e0 Lannion, des airs de f\u00eate.  En effet, il s&rsquo;agissait d&rsquo;un projet d&rsquo;un an \u00e9manant des divers acteurs dont, certaines associations, l&rsquo;Ecole de Musique du Tr\u00e9gor et le Service Enfant-Jeunesse de la ville.  Leur but : amener la musique au plus proche des gens&#8230;  Un sujet de Jacques Cerutti.  <\/p>\n","protected":false},"excerpt":{"rendered":"<p><a href=\"https:\/\/tv-tregor.com\/web-precedent\/www\/streams\/fetemusique2009.html\" title=\"Regarder le sujet\">Regarder la vid\u00e9o <\/a><\/p>\n<p><a href=\"http:\/\/www.tv-tregor.com\/web-precedent\/www\/streams\/fetemusique2009.html\" title=\"Regarder le sujet\"><img decoding=\"async\" src=\"https:\/\/tv-tregor.com\/web-precedent\/IMG\/jpg\/fetemusique2009g.jpg\" alt=\"fetemusique2009g.jpg\" align=\"center\" \/><\/a> <\/p>\n<p> <BR> Le 20 juin dernier, retentissaient entre les murs du quartier de Ker Uhel \u00e0 Lannion, des airs de f\u00eate.  \u2026  <a href=\"https:\/\/tv-tregor.com\/web-precedent\/2009\/07\/29\/ker-uhel-en-musique-330\/\">&#8230;lire le sujet&#8230; <span class=\"meta-nav\">&rarr; <\/span><\/a><\/p>\n","protected":false},"author":1,"featured_media":0,"comment_status":"open","ping_status":"open","sticky":false,"template":"","format":"standard","meta":{"footnotes":""},"categories":[8],"tags":[],"class_list":["post-427","post","type-post","status-publish","format-standard","hentry","category-evenements"],"_links":{"self":[{"href":"https:\/\/tv-tregor.com\/web-precedent\/wp-json\/wp\/v2\/posts\/427","targetHints":{"allow":["GET"]}}],"collection":[{"href":"https:\/\/tv-tregor.com\/web-precedent\/wp-json\/wp\/v2\/posts"}],"about":[{"href":"https:\/\/tv-tregor.com\/web-precedent\/wp-json\/wp\/v2\/types\/post"}],"author":[{"embeddable":true,"href":"https:\/\/tv-tregor.com\/web-precedent\/wp-json\/wp\/v2\/users\/1"}],"replies":[{"embeddable":true,"href":"https:\/\/tv-tregor.com\/web-precedent\/wp-json\/wp\/v2\/comments?post=427"}],"version-history":[{"count":0,"href":"https:\/\/tv-tregor.com\/web-precedent\/wp-json\/wp\/v2\/posts\/427\/revisions"}],"wp:attachment":[{"href":"https:\/\/tv-tregor.com\/web-precedent\/wp-json\/wp\/v2\/media?parent=427"}],"wp:term":[{"taxonomy":"category","embeddable":true,"href":"https:\/\/tv-tregor.com\/web-precedent\/wp-json\/wp\/v2\/categories?post=427"},{"taxonomy":"post_tag","embeddable":true,"href":"https:\/\/tv-tregor.com\/web-precedent\/wp-json\/wp\/v2\/tags?post=427"}],"curies":[{"name":"wp","href":"https:\/\/api.w.org\/{rel}","templated":true}]}}