{"id":426,"date":"2009-07-22T08:00:00","date_gmt":"2009-07-22T07:00:00","guid":{"rendered":"http:\/\/tv-tregor.com\/web-precedent\/2009\/07\/22\/regard-sur-anne-marie-le-razavet-et-xavier-grannec-potiers-709\/"},"modified":"2016-01-18T15:07:18","modified_gmt":"2016-01-18T14:07:18","slug":"regard-sur-anne-marie-le-razavet-et-xavier-grannec-potiers-709","status":"publish","type":"post","link":"https:\/\/tv-tregor.com\/web-precedent\/2009\/07\/22\/regard-sur-anne-marie-le-razavet-et-xavier-grannec-potiers-709\/","title":{"rendered":"Regard sur Anne-Marie Le Razavet et Xavier Grannec, potiers &#8211; 7&rsquo;09"},"content":{"rendered":"<p><a href=\"https:\/\/tv-tregor.com\/web-precedent\/www\/streams\/kerianegan.html\" title=\"Regarder le sujet\">Regarder la vid\u00e9o <\/a><\/p>\n<p><a href=\"http:\/\/www.tv-tregor.com\/web-precedent\/www\/streams\/kerianegan.html\" title=\"Regarder le sujet\"><img decoding=\"async\" src=\"https:\/\/tv-tregor.com\/web-precedent\/IMG\/jpg\/poterieg.jpg\" alt=\"poterieg.jpg\" align=\"center\" \/><\/a> <\/p>\n<p> <BR>   L&rsquo;eau et le vent, le contact de la mati\u00e8re, les teintes vari\u00e9es, un toucher particulier&#8230;.   Voici quelques \u00e9l\u00e9ments qui ont embarqu\u00e9s Anne-Marie et Xavier dans un voyage aux confins de la terre.  L&rsquo;argile, le gr\u00e8s, la porcelaine&#8230; Tout est transform\u00e9, remodel\u00e9 et cuit par les deux artistes qui cr\u00e9ent aussi bien des pi\u00e8ces utilitaires que des cr\u00e9ations pures inspir\u00e9es du monde marin et v\u00e9g\u00e9tal qui les entoure.  <em>Contact : Anne-Marie Le Razavet et Xavier Grannec  9, Kerianegan Vraz &#8211; Pleumeur &#8211; Bodou  Tel : 02 96 15 92 84   <\/em><\/p>\n","protected":false},"excerpt":{"rendered":"<p><a href=\"https:\/\/tv-tregor.com\/web-precedent\/www\/streams\/kerianegan.html\" title=\"Regarder le sujet\">Regarder la vid\u00e9o <\/a><\/p>\n<p><a href=\"http:\/\/www.tv-tregor.com\/web-precedent\/www\/streams\/kerianegan.html\" title=\"Regarder le sujet\"><img decoding=\"async\" src=\"https:\/\/tv-tregor.com\/web-precedent\/IMG\/jpg\/poterieg.jpg\" alt=\"poterieg.jpg\" align=\"center\" \/><\/a> <\/p>\n<p> <BR> L&rsquo;eau et le vent, le contact de la mati\u00e8re, les teintes vari\u00e9es, un toucher particulier&#8230;. Voici quelques \u00e9l\u00e9ments qui  \u2026  <a href=\"https:\/\/tv-tregor.com\/web-precedent\/2009\/07\/22\/regard-sur-anne-marie-le-razavet-et-xavier-grannec-potiers-709\/\">&#8230;lire le sujet&#8230; <span class=\"meta-nav\">&rarr; <\/span><\/a><\/p>\n","protected":false},"author":1,"featured_media":0,"comment_status":"open","ping_status":"open","sticky":false,"template":"","format":"standard","meta":{"footnotes":""},"categories":[55],"tags":[],"class_list":["post-426","post","type-post","status-publish","format-standard","hentry","category-portraits"],"_links":{"self":[{"href":"https:\/\/tv-tregor.com\/web-precedent\/wp-json\/wp\/v2\/posts\/426","targetHints":{"allow":["GET"]}}],"collection":[{"href":"https:\/\/tv-tregor.com\/web-precedent\/wp-json\/wp\/v2\/posts"}],"about":[{"href":"https:\/\/tv-tregor.com\/web-precedent\/wp-json\/wp\/v2\/types\/post"}],"author":[{"embeddable":true,"href":"https:\/\/tv-tregor.com\/web-precedent\/wp-json\/wp\/v2\/users\/1"}],"replies":[{"embeddable":true,"href":"https:\/\/tv-tregor.com\/web-precedent\/wp-json\/wp\/v2\/comments?post=426"}],"version-history":[{"count":1,"href":"https:\/\/tv-tregor.com\/web-precedent\/wp-json\/wp\/v2\/posts\/426\/revisions"}],"predecessor-version":[{"id":932,"href":"https:\/\/tv-tregor.com\/web-precedent\/wp-json\/wp\/v2\/posts\/426\/revisions\/932"}],"wp:attachment":[{"href":"https:\/\/tv-tregor.com\/web-precedent\/wp-json\/wp\/v2\/media?parent=426"}],"wp:term":[{"taxonomy":"category","embeddable":true,"href":"https:\/\/tv-tregor.com\/web-precedent\/wp-json\/wp\/v2\/categories?post=426"},{"taxonomy":"post_tag","embeddable":true,"href":"https:\/\/tv-tregor.com\/web-precedent\/wp-json\/wp\/v2\/tags?post=426"}],"curies":[{"name":"wp","href":"https:\/\/api.w.org\/{rel}","templated":true}]}}