{"id":419,"date":"2009-07-08T07:55:00","date_gmt":"2009-07-08T06:55:00","guid":{"rendered":"http:\/\/tv-tregor.com\/web-precedent\/2009\/07\/08\/le-sillon-a-pleubian-351\/"},"modified":"2009-07-08T07:55:00","modified_gmt":"2009-07-08T06:55:00","slug":"le-sillon-a-pleubian-351","status":"publish","type":"post","link":"https:\/\/tv-tregor.com\/web-precedent\/2009\/07\/08\/le-sillon-a-pleubian-351\/","title":{"rendered":"Le Sillon \u00e0 Pleubian &#8211; 3&rsquo;51"},"content":{"rendered":"<p><a href=\"https:\/\/tv-tregor.com\/web-precedent\/www\/streams\/sillon.html\" title=\"Regarder le sujet\">Regarder la vid\u00e9o <\/a><\/p>\n<p><a href=\"http:\/\/www.tv-tregor.com\/web-precedent\/www\/streams\/sillon.html\" title=\"Regarder le sujet\"><img decoding=\"async\" src=\"https:\/\/tv-tregor.com\/web-precedent\/IMG\/jpg\/sillong.jpg\" alt=\"sillong.jpg\" align=\"center\" \/><\/a> <\/p>\n<p> <BR>  Inaugur\u00e9e le week-end dernier, la nouvelle salle culturelle de la Communaut\u00e9 de Communes de la Presqu&rsquo;\u00eele de L\u00e9zardrieux a eu d\u00fb mal \u00e0 s&rsquo;imposer dans le paysage.  En effet, il aura fallu 6 ans de discussions, calculs, proc\u00e9dures pour convaincre, et la population locale et les \u00e9lus, de l&rsquo;int\u00e9r\u00eat d&rsquo;une telle salle sur la Presqu&rsquo;\u00eele.  Car, le Sillon, c&rsquo;est de 300 \u00e0 800 places selon la version demand\u00e9e, la proximit\u00e9 d&rsquo;un lieu authentique, le Manoir du Launay, et des tarifs raisonnables.  Reste maintenant \u00e0 savoir si le public suivra&#8230; <\/p>\n","protected":false},"excerpt":{"rendered":"<p><a href=\"https:\/\/tv-tregor.com\/web-precedent\/www\/streams\/sillon.html\" title=\"Regarder le sujet\">Regarder la vid\u00e9o <\/a><\/p>\n<p><a href=\"http:\/\/www.tv-tregor.com\/web-precedent\/www\/streams\/sillon.html\" title=\"Regarder le sujet\"><img decoding=\"async\" src=\"https:\/\/tv-tregor.com\/web-precedent\/IMG\/jpg\/sillong.jpg\" alt=\"sillong.jpg\" align=\"center\" \/><\/a> <\/p>\n<p> <BR> Inaugur\u00e9e le week-end dernier, la nouvelle salle culturelle de la Communaut\u00e9 de Communes de la Presqu&rsquo;\u00eele de L\u00e9zardrieux a  \u2026  <a href=\"https:\/\/tv-tregor.com\/web-precedent\/2009\/07\/08\/le-sillon-a-pleubian-351\/\">&#8230;lire le sujet&#8230; <span class=\"meta-nav\">&rarr; <\/span><\/a><\/p>\n","protected":false},"author":1,"featured_media":0,"comment_status":"open","ping_status":"open","sticky":false,"template":"","format":"standard","meta":{"footnotes":""},"categories":[2],"tags":[],"class_list":["post-419","post","type-post","status-publish","format-standard","hentry","category-info-locale"],"_links":{"self":[{"href":"https:\/\/tv-tregor.com\/web-precedent\/wp-json\/wp\/v2\/posts\/419","targetHints":{"allow":["GET"]}}],"collection":[{"href":"https:\/\/tv-tregor.com\/web-precedent\/wp-json\/wp\/v2\/posts"}],"about":[{"href":"https:\/\/tv-tregor.com\/web-precedent\/wp-json\/wp\/v2\/types\/post"}],"author":[{"embeddable":true,"href":"https:\/\/tv-tregor.com\/web-precedent\/wp-json\/wp\/v2\/users\/1"}],"replies":[{"embeddable":true,"href":"https:\/\/tv-tregor.com\/web-precedent\/wp-json\/wp\/v2\/comments?post=419"}],"version-history":[{"count":0,"href":"https:\/\/tv-tregor.com\/web-precedent\/wp-json\/wp\/v2\/posts\/419\/revisions"}],"wp:attachment":[{"href":"https:\/\/tv-tregor.com\/web-precedent\/wp-json\/wp\/v2\/media?parent=419"}],"wp:term":[{"taxonomy":"category","embeddable":true,"href":"https:\/\/tv-tregor.com\/web-precedent\/wp-json\/wp\/v2\/categories?post=419"},{"taxonomy":"post_tag","embeddable":true,"href":"https:\/\/tv-tregor.com\/web-precedent\/wp-json\/wp\/v2\/tags?post=419"}],"curies":[{"name":"wp","href":"https:\/\/api.w.org\/{rel}","templated":true}]}}