{"id":415,"date":"2009-06-24T07:55:00","date_gmt":"2009-06-24T06:55:00","guid":{"rendered":"http:\/\/tv-tregor.com\/web-precedent\/2009\/06\/24\/jartdin-symbiose-de-lart-et-du-vegetal-823\/"},"modified":"2009-06-24T07:55:00","modified_gmt":"2009-06-24T06:55:00","slug":"jartdin-symbiose-de-lart-et-du-vegetal-823","status":"publish","type":"post","link":"https:\/\/tv-tregor.com\/web-precedent\/2009\/06\/24\/jartdin-symbiose-de-lart-et-du-vegetal-823\/","title":{"rendered":"Jartdin : Symbiose de l&rsquo;art et du v\u00e9g\u00e9tal &#8211; 8&rsquo;23"},"content":{"rendered":"<p><a href=\"https:\/\/tv-tregor.com\/web-precedent\/www\/streams\/jartdin.html\" title=\"Regarder le sujet\">Regarder la vid\u00e9o <\/a><\/p>\n<p><a href=\"http:\/\/www.tv-tregor.com\/web-precedent\/www\/streams\/jartdin.html\" title=\"Regarder le sujet\"><img decoding=\"async\" src=\"https:\/\/tv-tregor.com\/web-precedent\/IMG\/jpg\/jartding.jpg\" alt=\"jartding.jpg\" align=\"center\" \/><\/a> <\/p>\n<p> <BR> Perch\u00e9 au dessus de la gr\u00e8ve de saint Michel,  Jartdin accueille chaque printemps et ce depuis 4 ans, l&#8217;art contemporain dans son \u00e9crin v\u00e9g\u00e9tal.    Diamant de granite, amour en cage, grande coiffe de m\u00e9tal brod\u00e9,  girouette de Pvc laqu\u00e9, b\u00e9ton, verre et bois ; les sculptures y trouvent leur place naturellement.  Une vingtaine d&#8217;artistes ont ainsi install\u00e9 leurs &#339;uvres depuis l&#8217;invitation premi\u00e8re des deux jardiniers et m\u00e9c\u00e8nes, Yvonik Josse et Jean-Max Martin.  Une relation tr\u00e8s verte, attentive \u00e0 la cr\u00e9ation bretonne contemporaine qui prend d\u00e9sormais place dans l&#8217;actualit\u00e9 artistique.  Les 470 visiteurs de l&#8217;\u00e9dition 2009 ne s&#8217;y sont pas tromp\u00e9s. <\/p>\n","protected":false},"excerpt":{"rendered":"<p><a href=\"https:\/\/tv-tregor.com\/web-precedent\/www\/streams\/jartdin.html\" title=\"Regarder le sujet\">Regarder la vid\u00e9o <\/a><\/p>\n<p><a href=\"http:\/\/www.tv-tregor.com\/web-precedent\/www\/streams\/jartdin.html\" title=\"Regarder le sujet\"><img decoding=\"async\" src=\"https:\/\/tv-tregor.com\/web-precedent\/IMG\/jpg\/jartding.jpg\" alt=\"jartding.jpg\" align=\"center\" \/><\/a> <\/p>\n<p> <BR> Perch\u00e9 au dessus de la gr\u00e8ve de saint Michel, Jartdin accueille chaque printemps et ce depuis 4 ans, l&#8217;art  \u2026  <a href=\"https:\/\/tv-tregor.com\/web-precedent\/2009\/06\/24\/jartdin-symbiose-de-lart-et-du-vegetal-823\/\">&#8230;lire le sujet&#8230; <span class=\"meta-nav\">&rarr; <\/span><\/a><\/p>\n","protected":false},"author":1,"featured_media":0,"comment_status":"open","ping_status":"open","sticky":false,"template":"","format":"standard","meta":{"footnotes":""},"categories":[14],"tags":[],"class_list":["post-415","post","type-post","status-publish","format-standard","hentry","category-culture"],"_links":{"self":[{"href":"https:\/\/tv-tregor.com\/web-precedent\/wp-json\/wp\/v2\/posts\/415","targetHints":{"allow":["GET"]}}],"collection":[{"href":"https:\/\/tv-tregor.com\/web-precedent\/wp-json\/wp\/v2\/posts"}],"about":[{"href":"https:\/\/tv-tregor.com\/web-precedent\/wp-json\/wp\/v2\/types\/post"}],"author":[{"embeddable":true,"href":"https:\/\/tv-tregor.com\/web-precedent\/wp-json\/wp\/v2\/users\/1"}],"replies":[{"embeddable":true,"href":"https:\/\/tv-tregor.com\/web-precedent\/wp-json\/wp\/v2\/comments?post=415"}],"version-history":[{"count":0,"href":"https:\/\/tv-tregor.com\/web-precedent\/wp-json\/wp\/v2\/posts\/415\/revisions"}],"wp:attachment":[{"href":"https:\/\/tv-tregor.com\/web-precedent\/wp-json\/wp\/v2\/media?parent=415"}],"wp:term":[{"taxonomy":"category","embeddable":true,"href":"https:\/\/tv-tregor.com\/web-precedent\/wp-json\/wp\/v2\/categories?post=415"},{"taxonomy":"post_tag","embeddable":true,"href":"https:\/\/tv-tregor.com\/web-precedent\/wp-json\/wp\/v2\/tags?post=415"}],"curies":[{"name":"wp","href":"https:\/\/api.w.org\/{rel}","templated":true}]}}