{"id":412,"date":"2009-06-17T08:00:00","date_gmt":"2009-06-17T07:00:00","guid":{"rendered":"http:\/\/tv-tregor.com\/web-precedent\/2009\/06\/17\/une-priorite-le-bien-etre-des-tout-petits-416\/"},"modified":"2009-06-17T08:00:00","modified_gmt":"2009-06-17T07:00:00","slug":"une-priorite-le-bien-etre-des-tout-petits-416","status":"publish","type":"post","link":"https:\/\/tv-tregor.com\/web-precedent\/2009\/06\/17\/une-priorite-le-bien-etre-des-tout-petits-416\/","title":{"rendered":"Une priorit\u00e9, le bien-\u00eatre des tout petits &#8211; 4&rsquo;16"},"content":{"rendered":"<p><a href=\"https:\/\/tv-tregor.com\/web-precedent\/www\/streams\/microcreche.html\" title=\"Regarder le sujet\">Regarder la vid\u00e9o <\/a><\/p>\n<p><a href=\"http:\/\/www.tv-tregor.com\/web-precedent\/www\/streams\/microcreche.html\" title=\"Regarder le sujet\"><img decoding=\"async\" src=\"https:\/\/tv-tregor.com\/web-precedent\/IMG\/jpg\/microcrecheg.jpg\" alt=\"microcrecheg.jpg\" align=\"center\" \/><\/a> <\/p>\n<p> <BR> Le 16 f\u00e9vrier dernier s&rsquo;ouvrait au sein de la commune de Quemperven une maison pas vraiment comme les autres. En effet, il s&rsquo;agit de la toute premi\u00e8re micro-cr\u00e8che des C\u00f4tes d&rsquo;Armor.   Au programme de chaque journ\u00e9e, des cris et des larmes. Normal, la \u00ab\u00a0Maison des p&rsquo;tit Choux\u00a0\u00bb peut accueillir neuf enfants de moins de six ans en permanence&#8230; et le tout encadr\u00e9 par quatre adultes.  Repas chauds, jeux d&rsquo;\u00e9veil, jeux d&rsquo;adresse, promenades&#8230; Vous l&rsquo;aurez constat\u00e9, la premi\u00e8re priorit\u00e9 est celle de l&rsquo;enfant.  Explications.<\/p>\n","protected":false},"excerpt":{"rendered":"<p><a href=\"https:\/\/tv-tregor.com\/web-precedent\/www\/streams\/microcreche.html\" title=\"Regarder le sujet\">Regarder la vid\u00e9o <\/a><\/p>\n<p><a href=\"http:\/\/www.tv-tregor.com\/web-precedent\/www\/streams\/microcreche.html\" title=\"Regarder le sujet\"><img decoding=\"async\" src=\"https:\/\/tv-tregor.com\/web-precedent\/IMG\/jpg\/microcrecheg.jpg\" alt=\"microcrecheg.jpg\" align=\"center\" \/><\/a> <\/p>\n<p> <BR> Le 16 f\u00e9vrier dernier s&rsquo;ouvrait au sein de la commune de Quemperven une maison pas vraiment comme les autres.  \u2026  <a href=\"https:\/\/tv-tregor.com\/web-precedent\/2009\/06\/17\/une-priorite-le-bien-etre-des-tout-petits-416\/\">&#8230;lire le sujet&#8230; <span class=\"meta-nav\">&rarr; <\/span><\/a><\/p>\n","protected":false},"author":1,"featured_media":0,"comment_status":"open","ping_status":"open","sticky":false,"template":"","format":"standard","meta":{"footnotes":""},"categories":[2],"tags":[],"class_list":["post-412","post","type-post","status-publish","format-standard","hentry","category-info-locale"],"_links":{"self":[{"href":"https:\/\/tv-tregor.com\/web-precedent\/wp-json\/wp\/v2\/posts\/412","targetHints":{"allow":["GET"]}}],"collection":[{"href":"https:\/\/tv-tregor.com\/web-precedent\/wp-json\/wp\/v2\/posts"}],"about":[{"href":"https:\/\/tv-tregor.com\/web-precedent\/wp-json\/wp\/v2\/types\/post"}],"author":[{"embeddable":true,"href":"https:\/\/tv-tregor.com\/web-precedent\/wp-json\/wp\/v2\/users\/1"}],"replies":[{"embeddable":true,"href":"https:\/\/tv-tregor.com\/web-precedent\/wp-json\/wp\/v2\/comments?post=412"}],"version-history":[{"count":0,"href":"https:\/\/tv-tregor.com\/web-precedent\/wp-json\/wp\/v2\/posts\/412\/revisions"}],"wp:attachment":[{"href":"https:\/\/tv-tregor.com\/web-precedent\/wp-json\/wp\/v2\/media?parent=412"}],"wp:term":[{"taxonomy":"category","embeddable":true,"href":"https:\/\/tv-tregor.com\/web-precedent\/wp-json\/wp\/v2\/categories?post=412"},{"taxonomy":"post_tag","embeddable":true,"href":"https:\/\/tv-tregor.com\/web-precedent\/wp-json\/wp\/v2\/tags?post=412"}],"curies":[{"name":"wp","href":"https:\/\/api.w.org\/{rel}","templated":true}]}}