{"id":407,"date":"2009-05-27T14:12:50","date_gmt":"2009-05-27T13:12:50","guid":{"rendered":"http:\/\/tv-tregor.com\/web-precedent\/2009\/05\/27\/conference\/"},"modified":"2009-05-27T14:12:50","modified_gmt":"2009-05-27T13:12:50","slug":"conference","status":"publish","type":"post","link":"https:\/\/tv-tregor.com\/web-precedent\/2009\/05\/27\/conference\/","title":{"rendered":"Conf\u00e9rence"},"content":{"rendered":"<p><a href=\"https:\/\/tv-tregor.com\/web-precedent\/www\/streams\/conferenceapast.html\" title=\"Regarder le sujet\">Regarder la vid\u00e9o <\/a><\/p>\n<p><a href=\"http:\/\/www.tv-tregor.com\/web-precedent\/www\/streams\/conferenceapast.html\" title=\"Regarder le sujet\"><img decoding=\"async\" src=\"https:\/\/tv-tregor.com\/web-precedent\/IMG\/jpg\/photoconf2.jpg\" alt=\"photoconf2.jpg\" align=\"center\" \/><\/a> <\/p>\n<p> <BR>  Mercredi 20 mai dernier, l&rsquo;APAST organisait une conf\u00e9rence autour de notre univers.   <em>\u00ab\u00a0Notre univers et son histoire : la cosmologie \u00e0 l&rsquo;aube du XXI \u00e8me si\u00e8cle\u00a0\u00bb<\/em> fut donc le titre choisi par Alain Blanchard, professeur d&rsquo;astrophysique \u00e0 l&rsquo;Universit\u00e9 Paul Sabatier de Toulouse, pour faire le point sur les d\u00e9couvertes des 20 derni\u00e8res ann\u00e9es, ainsi que les principales \u00e9nigmes qu&rsquo;affrontent les chercheurs dans la qu\u00eate des origines de l&rsquo;Univers.<\/p>\n","protected":false},"excerpt":{"rendered":"<p><a href=\"https:\/\/tv-tregor.com\/web-precedent\/www\/streams\/conferenceapast.html\" title=\"Regarder le sujet\">Regarder la vid\u00e9o <\/a><\/p>\n<p><a href=\"http:\/\/www.tv-tregor.com\/web-precedent\/www\/streams\/conferenceapast.html\" title=\"Regarder le sujet\"><img decoding=\"async\" src=\"https:\/\/tv-tregor.com\/web-precedent\/IMG\/jpg\/photoconf2.jpg\" alt=\"photoconf2.jpg\" align=\"center\" \/><\/a> <\/p>\n<p> <BR> Mercredi 20 mai dernier, l&rsquo;APAST organisait une conf\u00e9rence autour de notre univers. <em>\u00ab\u00a0Notre univers et son histoire : la  \u2026  <a href=\"https:\/\/tv-tregor.com\/web-precedent\/2009\/05\/27\/conference\/\">&#8230;lire le sujet&#8230; <span class=\"meta-nav\">&rarr; <\/span><\/a><\/p>\n","protected":false},"author":1,"featured_media":0,"comment_status":"open","ping_status":"open","sticky":false,"template":"","format":"standard","meta":{"footnotes":""},"categories":[27],"tags":[],"class_list":["post-407","post","type-post","status-publish","format-standard","hentry","category-les-videos-des-autres-tv-associatives"],"_links":{"self":[{"href":"https:\/\/tv-tregor.com\/web-precedent\/wp-json\/wp\/v2\/posts\/407","targetHints":{"allow":["GET"]}}],"collection":[{"href":"https:\/\/tv-tregor.com\/web-precedent\/wp-json\/wp\/v2\/posts"}],"about":[{"href":"https:\/\/tv-tregor.com\/web-precedent\/wp-json\/wp\/v2\/types\/post"}],"author":[{"embeddable":true,"href":"https:\/\/tv-tregor.com\/web-precedent\/wp-json\/wp\/v2\/users\/1"}],"replies":[{"embeddable":true,"href":"https:\/\/tv-tregor.com\/web-precedent\/wp-json\/wp\/v2\/comments?post=407"}],"version-history":[{"count":0,"href":"https:\/\/tv-tregor.com\/web-precedent\/wp-json\/wp\/v2\/posts\/407\/revisions"}],"wp:attachment":[{"href":"https:\/\/tv-tregor.com\/web-precedent\/wp-json\/wp\/v2\/media?parent=407"}],"wp:term":[{"taxonomy":"category","embeddable":true,"href":"https:\/\/tv-tregor.com\/web-precedent\/wp-json\/wp\/v2\/categories?post=407"},{"taxonomy":"post_tag","embeddable":true,"href":"https:\/\/tv-tregor.com\/web-precedent\/wp-json\/wp\/v2\/tags?post=407"}],"curies":[{"name":"wp","href":"https:\/\/api.w.org\/{rel}","templated":true}]}}