{"id":405,"date":"2009-05-27T08:00:00","date_gmt":"2009-05-27T07:00:00","guid":{"rendered":"http:\/\/tv-tregor.com\/web-precedent\/2009\/05\/27\/gare-au-gorille-848\/"},"modified":"2009-05-27T08:00:00","modified_gmt":"2009-05-27T07:00:00","slug":"gare-au-gorille-848","status":"publish","type":"post","link":"https:\/\/tv-tregor.com\/web-precedent\/2009\/05\/27\/gare-au-gorille-848\/","title":{"rendered":"Gare au Gorille- 8&rsquo;48"},"content":{"rendered":"<p><a href=\"https:\/\/tv-tregor.com\/web-precedent\/www\/streams\/gareaugorille.html\" title=\"Regarder le sujet\">Regarder la vid\u00e9o <\/a><\/p>\n<p><a href=\"http:\/\/www.tv-tregor.com\/web-precedent\/www\/streams\/gareaugorille.html\" title=\"Regarder le sujet\"><img decoding=\"async\" src=\"https:\/\/tv-tregor.com\/web-precedent\/IMG\/jpg\/gareaugorilleg.jpg\" alt=\"gareaugorilleg.jpg\" align=\"center\" \/><\/a> <\/p>\n<p> <BR> Une corde et une bobine de fil de fer, des corps qui se d\u00e9cha\u00eenent, un univers musical inspir\u00e9 des Balkans, des farfadets, des diabolos&#8230;et tellement d&rsquo;autres&#8230;  C&rsquo;est tout cela que nous a propos\u00e9 le Carr\u00e9 Magique, promoteur des arts circassiens dans le Tr\u00e9gor, durant quatre jours.   Quatre jours sous les chapiteaux ou en plein air, sept compagnies d&rsquo;artistes exigeants, des solos, une cantini\u00e8re et un man\u00e8ge assez sal\u00e9, c&rsquo;est ce qu&rsquo;il fallait pour la Premi\u00e8re du Festival Gare au Gorille!  Retour sur l&rsquo;\u00e9v\u00e8nement.<\/p>\n","protected":false},"excerpt":{"rendered":"<p><a href=\"https:\/\/tv-tregor.com\/web-precedent\/www\/streams\/gareaugorille.html\" title=\"Regarder le sujet\">Regarder la vid\u00e9o <\/a><\/p>\n<p><a href=\"http:\/\/www.tv-tregor.com\/web-precedent\/www\/streams\/gareaugorille.html\" title=\"Regarder le sujet\"><img decoding=\"async\" src=\"https:\/\/tv-tregor.com\/web-precedent\/IMG\/jpg\/gareaugorilleg.jpg\" alt=\"gareaugorilleg.jpg\" align=\"center\" \/><\/a> <\/p>\n<p> <BR> Une corde et une bobine de fil de fer, des corps qui se d\u00e9cha\u00eenent, un univers musical inspir\u00e9 des  \u2026  <a href=\"https:\/\/tv-tregor.com\/web-precedent\/2009\/05\/27\/gare-au-gorille-848\/\">&#8230;lire le sujet&#8230; <span class=\"meta-nav\">&rarr; <\/span><\/a><\/p>\n","protected":false},"author":1,"featured_media":0,"comment_status":"open","ping_status":"open","sticky":false,"template":"","format":"standard","meta":{"footnotes":""},"categories":[14],"tags":[],"class_list":["post-405","post","type-post","status-publish","format-standard","hentry","category-culture"],"_links":{"self":[{"href":"https:\/\/tv-tregor.com\/web-precedent\/wp-json\/wp\/v2\/posts\/405","targetHints":{"allow":["GET"]}}],"collection":[{"href":"https:\/\/tv-tregor.com\/web-precedent\/wp-json\/wp\/v2\/posts"}],"about":[{"href":"https:\/\/tv-tregor.com\/web-precedent\/wp-json\/wp\/v2\/types\/post"}],"author":[{"embeddable":true,"href":"https:\/\/tv-tregor.com\/web-precedent\/wp-json\/wp\/v2\/users\/1"}],"replies":[{"embeddable":true,"href":"https:\/\/tv-tregor.com\/web-precedent\/wp-json\/wp\/v2\/comments?post=405"}],"version-history":[{"count":0,"href":"https:\/\/tv-tregor.com\/web-precedent\/wp-json\/wp\/v2\/posts\/405\/revisions"}],"wp:attachment":[{"href":"https:\/\/tv-tregor.com\/web-precedent\/wp-json\/wp\/v2\/media?parent=405"}],"wp:term":[{"taxonomy":"category","embeddable":true,"href":"https:\/\/tv-tregor.com\/web-precedent\/wp-json\/wp\/v2\/categories?post=405"},{"taxonomy":"post_tag","embeddable":true,"href":"https:\/\/tv-tregor.com\/web-precedent\/wp-json\/wp\/v2\/tags?post=405"}],"curies":[{"name":"wp","href":"https:\/\/api.w.org\/{rel}","templated":true}]}}