{"id":390,"date":"2009-04-01T08:00:00","date_gmt":"2009-04-01T07:00:00","guid":{"rendered":"http:\/\/tv-tregor.com\/web-precedent\/2009\/04\/01\/ker-uhel-contacts-1114\/"},"modified":"2009-04-01T08:00:00","modified_gmt":"2009-04-01T07:00:00","slug":"ker-uhel-contacts-1114","status":"publish","type":"post","link":"https:\/\/tv-tregor.com\/web-precedent\/2009\/04\/01\/ker-uhel-contacts-1114\/","title":{"rendered":"Ker Uhel Contacts &#8211; 11&rsquo;14"},"content":{"rendered":"<p><a href=\"https:\/\/tv-tregor.com\/web-precedent\/www\/streams\/kuc.html\" title=\"Regarder le sujet\">Regarder la vid\u00e9o <\/a><\/p>\n<p><a href=\"http:\/\/www.tv-tregor.com\/web-precedent\/www\/streams\/kuc.html\" title=\"Regarder le sujet\"><img decoding=\"async\" src=\"https:\/\/tv-tregor.com\/web-precedent\/IMG\/jpg\/KUCg.jpg\" alt=\"KUCg.jpg\" align=\"center\" \/><\/a> <\/p>\n<p> <BR>  25 ans d&rsquo;existence&#8230; De quoi se poser des questions sur la vie \u00e9conomique fran\u00e7aise&#8230;   Cr\u00e9\u00e9 en 1984, l&rsquo;association Ker Uhel Contacts n&rsquo;aurait jamais imagin\u00e9 une telle dur\u00e9e de vie&#8230;  A l&rsquo;origine, sa cr\u00e9ation s&rsquo;est r\u00e9alis\u00e9e pour les femmes du quartier de Ker Uhel, \u00e0 Lannion qui d\u00e9siraient une aide pour trouver un emploi afin d&rsquo;ajouter \u00e0 chaque fin de mois, \u00ab\u00a0<em>du beurre dans les \u00e9pinards<\/em>\u00a0\u00bb .  Dor\u00e9navant, la structure a toute sa raison d&rsquo;\u00eatre.  Car le Kuc c&rsquo;est 300 salari\u00e9s \u00e0 l&rsquo;ann\u00e9e, 40 \u00e0 45 000 heures de travail par an, 36 m\u00e9tiers propos\u00e9s.   En fait, la structure prestataire de services a un double objectif, social et \u00e9conomique.  Pr\u00e9sentation.  <a href=\"http:\/\/www.kuc.asso.fr\">Ker Uhel Contacts<\/a> donne rendez-vous \u00e0 ses salari\u00e9s, clients, citoyens le Samedi 13 Juin 2009 afin de f\u00eater dignement son quart de si\u00e8cle au si\u00e8ge de l&rsquo;association 126 rue de l&rsquo;a\u00e9rodrome d\u00e8s 15h.<\/p>\n","protected":false},"excerpt":{"rendered":"<p><a href=\"https:\/\/tv-tregor.com\/web-precedent\/www\/streams\/kuc.html\" title=\"Regarder le sujet\">Regarder la vid\u00e9o <\/a><\/p>\n<p><a href=\"http:\/\/www.tv-tregor.com\/web-precedent\/www\/streams\/kuc.html\" title=\"Regarder le sujet\"><img decoding=\"async\" src=\"https:\/\/tv-tregor.com\/web-precedent\/IMG\/jpg\/KUCg.jpg\" alt=\"KUCg.jpg\" align=\"center\" \/><\/a> <\/p>\n<p> <BR> 25 ans d&rsquo;existence&#8230; De quoi se poser des questions sur la vie \u00e9conomique fran\u00e7aise&#8230; Cr\u00e9\u00e9 en 1984, l&rsquo;association Ker  \u2026  <a href=\"https:\/\/tv-tregor.com\/web-precedent\/2009\/04\/01\/ker-uhel-contacts-1114\/\">&#8230;lire le sujet&#8230; <span class=\"meta-nav\">&rarr; <\/span><\/a><\/p>\n","protected":false},"author":1,"featured_media":0,"comment_status":"open","ping_status":"open","sticky":false,"template":"","format":"standard","meta":{"footnotes":""},"categories":[2],"tags":[],"class_list":["post-390","post","type-post","status-publish","format-standard","hentry","category-info-locale"],"_links":{"self":[{"href":"https:\/\/tv-tregor.com\/web-precedent\/wp-json\/wp\/v2\/posts\/390","targetHints":{"allow":["GET"]}}],"collection":[{"href":"https:\/\/tv-tregor.com\/web-precedent\/wp-json\/wp\/v2\/posts"}],"about":[{"href":"https:\/\/tv-tregor.com\/web-precedent\/wp-json\/wp\/v2\/types\/post"}],"author":[{"embeddable":true,"href":"https:\/\/tv-tregor.com\/web-precedent\/wp-json\/wp\/v2\/users\/1"}],"replies":[{"embeddable":true,"href":"https:\/\/tv-tregor.com\/web-precedent\/wp-json\/wp\/v2\/comments?post=390"}],"version-history":[{"count":0,"href":"https:\/\/tv-tregor.com\/web-precedent\/wp-json\/wp\/v2\/posts\/390\/revisions"}],"wp:attachment":[{"href":"https:\/\/tv-tregor.com\/web-precedent\/wp-json\/wp\/v2\/media?parent=390"}],"wp:term":[{"taxonomy":"category","embeddable":true,"href":"https:\/\/tv-tregor.com\/web-precedent\/wp-json\/wp\/v2\/categories?post=390"},{"taxonomy":"post_tag","embeddable":true,"href":"https:\/\/tv-tregor.com\/web-precedent\/wp-json\/wp\/v2\/tags?post=390"}],"curies":[{"name":"wp","href":"https:\/\/api.w.org\/{rel}","templated":true}]}}