{"id":382,"date":"2009-03-11T08:05:00","date_gmt":"2009-03-11T07:05:00","guid":{"rendered":"http:\/\/tv-tregor.com\/web-precedent\/2009\/03\/11\/matieres-nadja-septet-5-19\/"},"modified":"2016-01-20T17:16:08","modified_gmt":"2016-01-20T16:16:08","slug":"matieres-nadja-septet-5-19","status":"publish","type":"post","link":"https:\/\/tv-tregor.com\/web-precedent\/2009\/03\/11\/matieres-nadja-septet-5-19\/","title":{"rendered":"Mati\u00e8res, Nadja Septet &#8211; 5&prime; 19"},"content":{"rendered":"<p><a href=\"https:\/\/tv-tregor.com\/web-precedent\/www\/streams\/matieres.html\" title=\"Regarder le sujet\">Regarder la vid\u00e9o <\/a><\/p>\n<p><a href=\"http:\/\/www.tv-tregor.com\/web-precedent\/www\/streams\/matieres.html\" title=\"Regarder le sujet\"><img decoding=\"async\" src=\"https:\/\/tv-tregor.com\/web-precedent\/IMG\/jpg\/nadjag.jpg\" alt=\"nadjag.jpg\" align=\"center\" \/><\/a> <\/p>\n<p> <BR>  Quatre jours de r\u00e9sidence au Carr\u00e9 Magique pour une \u00ab\u00a0troupe\u00a0\u00bb de jazz particuli\u00e8re emmen\u00e9e par le lannionnais, Jean-Mathias Petri,  avec au bout du compte, une cr\u00e9ation unique en son genre, <em>Mati\u00e8res<\/em>.   Peaux, cuivre, bois, m\u00e9taux, ivoire, autant de mati\u00e8res qu&rsquo;il est possible de rassembler pour nous embarquer au del\u00e0 des fronti\u00e8res du r\u00e9el.    Nadja Septet est plus qu&rsquo;un groupe. C&rsquo;est une fusion musicale entre sept musiciens exceptionnels&#8230;   Place \u00e0 la r\u00e9p\u00e9tition&#8230;  nadja   Prochain concert \u00e0 la Passerelle \u00e0 Saint Brieuc le Mardi 5 Mai \u00e0 20h30 .<\/p>\n","protected":false},"excerpt":{"rendered":"<p><a href=\"https:\/\/tv-tregor.com\/web-precedent\/www\/streams\/matieres.html\" title=\"Regarder le sujet\">Regarder la vid\u00e9o <\/a><\/p>\n<p><a href=\"http:\/\/www.tv-tregor.com\/web-precedent\/www\/streams\/matieres.html\" title=\"Regarder le sujet\"><img decoding=\"async\" src=\"https:\/\/tv-tregor.com\/web-precedent\/IMG\/jpg\/nadjag.jpg\" alt=\"nadjag.jpg\" align=\"center\" \/><\/a> <\/p>\n<p> <BR> Quatre jours de r\u00e9sidence au Carr\u00e9 Magique pour une \u00ab\u00a0troupe\u00a0\u00bb de jazz particuli\u00e8re emmen\u00e9e par le lannionnais, Jean-Mathias Petri,  \u2026  <a href=\"https:\/\/tv-tregor.com\/web-precedent\/2009\/03\/11\/matieres-nadja-septet-5-19\/\">&#8230;lire le sujet&#8230; <span class=\"meta-nav\">&rarr; <\/span><\/a><\/p>\n","protected":false},"author":1,"featured_media":0,"comment_status":"open","ping_status":"open","sticky":false,"template":"","format":"standard","meta":{"footnotes":""},"categories":[8],"tags":[],"class_list":["post-382","post","type-post","status-publish","format-standard","hentry","category-evenements"],"_links":{"self":[{"href":"https:\/\/tv-tregor.com\/web-precedent\/wp-json\/wp\/v2\/posts\/382","targetHints":{"allow":["GET"]}}],"collection":[{"href":"https:\/\/tv-tregor.com\/web-precedent\/wp-json\/wp\/v2\/posts"}],"about":[{"href":"https:\/\/tv-tregor.com\/web-precedent\/wp-json\/wp\/v2\/types\/post"}],"author":[{"embeddable":true,"href":"https:\/\/tv-tregor.com\/web-precedent\/wp-json\/wp\/v2\/users\/1"}],"replies":[{"embeddable":true,"href":"https:\/\/tv-tregor.com\/web-precedent\/wp-json\/wp\/v2\/comments?post=382"}],"version-history":[{"count":1,"href":"https:\/\/tv-tregor.com\/web-precedent\/wp-json\/wp\/v2\/posts\/382\/revisions"}],"predecessor-version":[{"id":976,"href":"https:\/\/tv-tregor.com\/web-precedent\/wp-json\/wp\/v2\/posts\/382\/revisions\/976"}],"wp:attachment":[{"href":"https:\/\/tv-tregor.com\/web-precedent\/wp-json\/wp\/v2\/media?parent=382"}],"wp:term":[{"taxonomy":"category","embeddable":true,"href":"https:\/\/tv-tregor.com\/web-precedent\/wp-json\/wp\/v2\/categories?post=382"},{"taxonomy":"post_tag","embeddable":true,"href":"https:\/\/tv-tregor.com\/web-precedent\/wp-json\/wp\/v2\/tags?post=382"}],"curies":[{"name":"wp","href":"https:\/\/api.w.org\/{rel}","templated":true}]}}