{"id":381,"date":"2009-03-11T07:55:00","date_gmt":"2009-03-11T06:55:00","guid":{"rendered":"http:\/\/tv-tregor.com\/web-precedent\/2009\/03\/11\/yann-quere-un-tregorois-fait-les-contes-521\/"},"modified":"2009-03-11T07:55:00","modified_gmt":"2009-03-11T06:55:00","slug":"yann-quere-un-tregorois-fait-les-contes-521","status":"publish","type":"post","link":"https:\/\/tv-tregor.com\/web-precedent\/2009\/03\/11\/yann-quere-un-tregorois-fait-les-contes-521\/","title":{"rendered":"Yann Qu\u00e9r\u00e9, un tr\u00e9gorois fait les contes &#8211; 5&rsquo;21"},"content":{"rendered":"<p><a href=\"https:\/\/tv-tregor.com\/web-precedent\/www\/streams\/yannquere.html\" title=\"Regarder le sujet\">Regarder la vid\u00e9o <\/a><\/p>\n<p><a href=\"http:\/\/www.tv-tregor.com\/web-precedent\/www\/streams\/yannquere.html\" title=\"Regarder le sujet\"><img decoding=\"async\" src=\"https:\/\/tv-tregor.com\/web-precedent\/IMG\/jpg\/quereg.jpg\" alt=\"quereg.jpg\" align=\"center\" \/><\/a> <\/p>\n<p> <BR>  \u00ab\u00a0Contes pour un apr\u00e8s\u00a0\u00bb , un spectacle cr\u00e9\u00e9 par Yann Qu\u00e9r\u00e9 et Alain Diveres o\u00f9 colonisateurs, businessman,  diable, farine transg\u00e9nique, indiens d\u00e9plum\u00e9s se c\u00f4toient&#8230;  Un univers d\u00e9jant\u00e9 dans un lieu enchant\u00e9, le Couvent Alternatif.  Rencontre avec les auteurs par Erwan Beauverger.<\/p>\n","protected":false},"excerpt":{"rendered":"<p><a href=\"https:\/\/tv-tregor.com\/web-precedent\/www\/streams\/yannquere.html\" title=\"Regarder le sujet\">Regarder la vid\u00e9o <\/a><\/p>\n<p><a href=\"http:\/\/www.tv-tregor.com\/web-precedent\/www\/streams\/yannquere.html\" title=\"Regarder le sujet\"><img decoding=\"async\" src=\"https:\/\/tv-tregor.com\/web-precedent\/IMG\/jpg\/quereg.jpg\" alt=\"quereg.jpg\" align=\"center\" \/><\/a> <\/p>\n<p> <BR> \u00ab\u00a0Contes pour un apr\u00e8s\u00a0\u00bb , un spectacle cr\u00e9\u00e9 par Yann Qu\u00e9r\u00e9 et Alain Diveres o\u00f9 colonisateurs, businessman, diable, farine  \u2026  <a href=\"https:\/\/tv-tregor.com\/web-precedent\/2009\/03\/11\/yann-quere-un-tregorois-fait-les-contes-521\/\">&#8230;lire le sujet&#8230; <span class=\"meta-nav\">&rarr; <\/span><\/a><\/p>\n","protected":false},"author":1,"featured_media":0,"comment_status":"open","ping_status":"open","sticky":false,"template":"","format":"standard","meta":{"footnotes":""},"categories":[14],"tags":[],"class_list":["post-381","post","type-post","status-publish","format-standard","hentry","category-culture"],"_links":{"self":[{"href":"https:\/\/tv-tregor.com\/web-precedent\/wp-json\/wp\/v2\/posts\/381","targetHints":{"allow":["GET"]}}],"collection":[{"href":"https:\/\/tv-tregor.com\/web-precedent\/wp-json\/wp\/v2\/posts"}],"about":[{"href":"https:\/\/tv-tregor.com\/web-precedent\/wp-json\/wp\/v2\/types\/post"}],"author":[{"embeddable":true,"href":"https:\/\/tv-tregor.com\/web-precedent\/wp-json\/wp\/v2\/users\/1"}],"replies":[{"embeddable":true,"href":"https:\/\/tv-tregor.com\/web-precedent\/wp-json\/wp\/v2\/comments?post=381"}],"version-history":[{"count":0,"href":"https:\/\/tv-tregor.com\/web-precedent\/wp-json\/wp\/v2\/posts\/381\/revisions"}],"wp:attachment":[{"href":"https:\/\/tv-tregor.com\/web-precedent\/wp-json\/wp\/v2\/media?parent=381"}],"wp:term":[{"taxonomy":"category","embeddable":true,"href":"https:\/\/tv-tregor.com\/web-precedent\/wp-json\/wp\/v2\/categories?post=381"},{"taxonomy":"post_tag","embeddable":true,"href":"https:\/\/tv-tregor.com\/web-precedent\/wp-json\/wp\/v2\/tags?post=381"}],"curies":[{"name":"wp","href":"https:\/\/api.w.org\/{rel}","templated":true}]}}