{"id":378,"date":"2009-03-04T08:00:00","date_gmt":"2009-03-04T07:00:00","guid":{"rendered":"http:\/\/tv-tregor.com\/web-precedent\/2009\/03\/04\/cap-sur-les-arts-907\/"},"modified":"2009-03-04T08:00:00","modified_gmt":"2009-03-04T07:00:00","slug":"cap-sur-les-arts-907","status":"publish","type":"post","link":"https:\/\/tv-tregor.com\/web-precedent\/2009\/03\/04\/cap-sur-les-arts-907\/","title":{"rendered":"Cap sur les Arts &#8211; 9&rsquo;07"},"content":{"rendered":"<p><a href=\"https:\/\/tv-tregor.com\/web-precedent\/www\/streams\/capart.html\" title=\"Regarder le sujet\">Regarder la vid\u00e9o <\/a><\/p>\n<p><a href=\"http:\/\/www.tv-tregor.com\/web-precedent\/www\/streams\/capart.html\" title=\"Regarder le sujet\"><img decoding=\"async\" src=\"https:\/\/tv-tregor.com\/web-precedent\/IMG\/jpg\/capartg.jpg\" alt=\"capartg.jpg\" align=\"center\" \/><\/a> <\/p>\n<p> <BR>  La dixi\u00e8me \u00e9dition de Cap sur les Arts a \u00e9t\u00e9 un r\u00e9el succ\u00e8s.  Douze artistes de tout horizon en r\u00e9sidence durant une semaine, de la peinture, de la sculpture, de la photographie, des conf\u00e9rences, des conversations, une fr\u00e9quentation \u00e0 la hausse&#8230;   Bref, tous les ingr\u00e9dients \u00e9taient r\u00e9unis \u00e0 la Maison des Traou\u00ef\u00e9ro \u00e0 Perros Guirec.  Sans oublier, il est vrai, une derni\u00e8re touche d&rsquo;humour : un duel \u00e0 base de dessins, jeux de mots et inventivit\u00e9.  Retour sur une semaine color\u00e9e avec Aurore Chatras. <\/p>\n","protected":false},"excerpt":{"rendered":"<p><a href=\"https:\/\/tv-tregor.com\/web-precedent\/www\/streams\/capart.html\" title=\"Regarder le sujet\">Regarder la vid\u00e9o <\/a><\/p>\n<p><a href=\"http:\/\/www.tv-tregor.com\/web-precedent\/www\/streams\/capart.html\" title=\"Regarder le sujet\"><img decoding=\"async\" src=\"https:\/\/tv-tregor.com\/web-precedent\/IMG\/jpg\/capartg.jpg\" alt=\"capartg.jpg\" align=\"center\" \/><\/a> <\/p>\n<p> <BR> La dixi\u00e8me \u00e9dition de Cap sur les Arts a \u00e9t\u00e9 un r\u00e9el succ\u00e8s. Douze artistes de tout horizon en  \u2026  <a href=\"https:\/\/tv-tregor.com\/web-precedent\/2009\/03\/04\/cap-sur-les-arts-907\/\">&#8230;lire le sujet&#8230; <span class=\"meta-nav\">&rarr; <\/span><\/a><\/p>\n","protected":false},"author":1,"featured_media":0,"comment_status":"open","ping_status":"open","sticky":false,"template":"","format":"standard","meta":{"footnotes":""},"categories":[14],"tags":[],"class_list":["post-378","post","type-post","status-publish","format-standard","hentry","category-culture"],"_links":{"self":[{"href":"https:\/\/tv-tregor.com\/web-precedent\/wp-json\/wp\/v2\/posts\/378","targetHints":{"allow":["GET"]}}],"collection":[{"href":"https:\/\/tv-tregor.com\/web-precedent\/wp-json\/wp\/v2\/posts"}],"about":[{"href":"https:\/\/tv-tregor.com\/web-precedent\/wp-json\/wp\/v2\/types\/post"}],"author":[{"embeddable":true,"href":"https:\/\/tv-tregor.com\/web-precedent\/wp-json\/wp\/v2\/users\/1"}],"replies":[{"embeddable":true,"href":"https:\/\/tv-tregor.com\/web-precedent\/wp-json\/wp\/v2\/comments?post=378"}],"version-history":[{"count":0,"href":"https:\/\/tv-tregor.com\/web-precedent\/wp-json\/wp\/v2\/posts\/378\/revisions"}],"wp:attachment":[{"href":"https:\/\/tv-tregor.com\/web-precedent\/wp-json\/wp\/v2\/media?parent=378"}],"wp:term":[{"taxonomy":"category","embeddable":true,"href":"https:\/\/tv-tregor.com\/web-precedent\/wp-json\/wp\/v2\/categories?post=378"},{"taxonomy":"post_tag","embeddable":true,"href":"https:\/\/tv-tregor.com\/web-precedent\/wp-json\/wp\/v2\/tags?post=378"}],"curies":[{"name":"wp","href":"https:\/\/api.w.org\/{rel}","templated":true}]}}