{"id":377,"date":"2009-02-25T07:55:00","date_gmt":"2009-02-25T06:55:00","guid":{"rendered":"http:\/\/tv-tregor.com\/web-precedent\/2009\/02\/25\/le-marche-bio-516\/"},"modified":"2009-02-25T07:55:00","modified_gmt":"2009-02-25T06:55:00","slug":"le-marche-bio-516","status":"publish","type":"post","link":"https:\/\/tv-tregor.com\/web-precedent\/2009\/02\/25\/le-marche-bio-516\/","title":{"rendered":"Le march\u00e9 Bio &#8211; 5&rsquo;16"},"content":{"rendered":"<p><a href=\"https:\/\/tv-tregor.com\/web-precedent\/www\/streams\/marchebio.html\" title=\"Regarder le sujet\">Regarder la vid\u00e9o <\/a><\/p>\n<p><a href=\"http:\/\/www.tv-tregor.com\/web-precedent\/www\/streams\/marchebio.html\" title=\"Regarder le sujet\"><img decoding=\"async\" src=\"https:\/\/tv-tregor.com\/web-precedent\/IMG\/jpg\/marchebiog.jpg\" alt=\"marchebiog.jpg\" align=\"center\" \/><\/a> <\/p>\n<p> <BR>  Effet de mode, volont\u00e9 de pr\u00e9server la plan\u00e8te, de manger plus sainement, pour un go\u00fbt \u00ab\u00a0d&rsquo;autrefois\u00a0\u00bb retrouv\u00e9 ??  Les raisons sont nombreuses&#8230;  Toujours est-il que r\u00e9sistant aux pressions sur le pouvoir d&rsquo;achat et \u00e0 l&rsquo;ambiance de crise \u00e9conomique, les produits Bio confirment leur ancrage dans les habitudes de consommation des personnes.    Petit tour de la consommation de produits Bio \u00e0 Lannion avec Eric Besatti<\/p>\n","protected":false},"excerpt":{"rendered":"<p><a href=\"https:\/\/tv-tregor.com\/web-precedent\/www\/streams\/marchebio.html\" title=\"Regarder le sujet\">Regarder la vid\u00e9o <\/a><\/p>\n<p><a href=\"http:\/\/www.tv-tregor.com\/web-precedent\/www\/streams\/marchebio.html\" title=\"Regarder le sujet\"><img decoding=\"async\" src=\"https:\/\/tv-tregor.com\/web-precedent\/IMG\/jpg\/marchebiog.jpg\" alt=\"marchebiog.jpg\" align=\"center\" \/><\/a> <\/p>\n<p> <BR> Effet de mode, volont\u00e9 de pr\u00e9server la plan\u00e8te, de manger plus sainement, pour un go\u00fbt \u00ab\u00a0d&rsquo;autrefois\u00a0\u00bb retrouv\u00e9 ?? Les  \u2026  <a href=\"https:\/\/tv-tregor.com\/web-precedent\/2009\/02\/25\/le-marche-bio-516\/\">&#8230;lire le sujet&#8230; <span class=\"meta-nav\">&rarr; <\/span><\/a><\/p>\n","protected":false},"author":1,"featured_media":0,"comment_status":"open","ping_status":"open","sticky":false,"template":"","format":"standard","meta":{"footnotes":""},"categories":[25],"tags":[],"class_list":["post-377","post","type-post","status-publish","format-standard","hentry","category-infos-conso"],"_links":{"self":[{"href":"https:\/\/tv-tregor.com\/web-precedent\/wp-json\/wp\/v2\/posts\/377","targetHints":{"allow":["GET"]}}],"collection":[{"href":"https:\/\/tv-tregor.com\/web-precedent\/wp-json\/wp\/v2\/posts"}],"about":[{"href":"https:\/\/tv-tregor.com\/web-precedent\/wp-json\/wp\/v2\/types\/post"}],"author":[{"embeddable":true,"href":"https:\/\/tv-tregor.com\/web-precedent\/wp-json\/wp\/v2\/users\/1"}],"replies":[{"embeddable":true,"href":"https:\/\/tv-tregor.com\/web-precedent\/wp-json\/wp\/v2\/comments?post=377"}],"version-history":[{"count":0,"href":"https:\/\/tv-tregor.com\/web-precedent\/wp-json\/wp\/v2\/posts\/377\/revisions"}],"wp:attachment":[{"href":"https:\/\/tv-tregor.com\/web-precedent\/wp-json\/wp\/v2\/media?parent=377"}],"wp:term":[{"taxonomy":"category","embeddable":true,"href":"https:\/\/tv-tregor.com\/web-precedent\/wp-json\/wp\/v2\/categories?post=377"},{"taxonomy":"post_tag","embeddable":true,"href":"https:\/\/tv-tregor.com\/web-precedent\/wp-json\/wp\/v2\/tags?post=377"}],"curies":[{"name":"wp","href":"https:\/\/api.w.org\/{rel}","templated":true}]}}