{"id":374,"date":"2009-02-18T08:05:00","date_gmt":"2009-02-18T07:05:00","guid":{"rendered":"http:\/\/tv-tregor.com\/web-precedent\/2009\/02\/18\/mobilisation-contre-la-loi-lru-418\/"},"modified":"2009-02-18T08:05:00","modified_gmt":"2009-02-18T07:05:00","slug":"mobilisation-contre-la-loi-lru-418","status":"publish","type":"post","link":"https:\/\/tv-tregor.com\/web-precedent\/2009\/02\/18\/mobilisation-contre-la-loi-lru-418\/","title":{"rendered":"Mobilisation contre la Loi LRU &#8211; 4&rsquo;18"},"content":{"rendered":"<p><a href=\"https:\/\/tv-tregor.com\/web-precedent\/www\/streams\/mobilisationlru.html\" title=\"Regarder le sujet\">Regarder la vid\u00e9o <\/a><\/p>\n<p><a href=\"http:\/\/www.tv-tregor.com\/web-precedent\/www\/streams\/mobilisationlru.html\" title=\"Regarder le sujet\"><img decoding=\"async\" src=\"https:\/\/tv-tregor.com\/web-precedent\/IMG\/jpg\/mobilisationlrug.jpg\" alt=\"mobilisationlrug.jpg\" align=\"center\" \/><\/a> <\/p>\n<p> <BR>   Cours sur la voie publique, d\u00e9l\u00e9gation \u00e0 Paris, blocage, braderie de prof, enterrement de l&rsquo;IUT&#8230; Les manifestations vont bon train \u00e0 Lannion.   Etudiants et personnel de l&rsquo;IUT multiplient les actions contre la Loi relative aux libert\u00e9s et responsabilit\u00e9 des universit\u00e9s, le d\u00e9cret P\u00e9cresse sur le statut des enseignants chercheurs ainsi que la suppression des postes d&rsquo;agents techniques et d&rsquo;enseignants.  En ces temps de tr\u00eave, retour au c&#339;ur de la mobilisation. <\/p>\n","protected":false},"excerpt":{"rendered":"<p><a href=\"https:\/\/tv-tregor.com\/web-precedent\/www\/streams\/mobilisationlru.html\" title=\"Regarder le sujet\">Regarder la vid\u00e9o <\/a><\/p>\n<p><a href=\"http:\/\/www.tv-tregor.com\/web-precedent\/www\/streams\/mobilisationlru.html\" title=\"Regarder le sujet\"><img decoding=\"async\" src=\"https:\/\/tv-tregor.com\/web-precedent\/IMG\/jpg\/mobilisationlrug.jpg\" alt=\"mobilisationlrug.jpg\" align=\"center\" \/><\/a> <\/p>\n<p> <BR> Cours sur la voie publique, d\u00e9l\u00e9gation \u00e0 Paris, blocage, braderie de prof, enterrement de l&rsquo;IUT&#8230; Les manifestations vont bon  \u2026  <a href=\"https:\/\/tv-tregor.com\/web-precedent\/2009\/02\/18\/mobilisation-contre-la-loi-lru-418\/\">&#8230;lire le sujet&#8230; <span class=\"meta-nav\">&rarr; <\/span><\/a><\/p>\n","protected":false},"author":1,"featured_media":0,"comment_status":"open","ping_status":"open","sticky":false,"template":"","format":"standard","meta":{"footnotes":""},"categories":[2],"tags":[],"class_list":["post-374","post","type-post","status-publish","format-standard","hentry","category-info-locale"],"_links":{"self":[{"href":"https:\/\/tv-tregor.com\/web-precedent\/wp-json\/wp\/v2\/posts\/374","targetHints":{"allow":["GET"]}}],"collection":[{"href":"https:\/\/tv-tregor.com\/web-precedent\/wp-json\/wp\/v2\/posts"}],"about":[{"href":"https:\/\/tv-tregor.com\/web-precedent\/wp-json\/wp\/v2\/types\/post"}],"author":[{"embeddable":true,"href":"https:\/\/tv-tregor.com\/web-precedent\/wp-json\/wp\/v2\/users\/1"}],"replies":[{"embeddable":true,"href":"https:\/\/tv-tregor.com\/web-precedent\/wp-json\/wp\/v2\/comments?post=374"}],"version-history":[{"count":0,"href":"https:\/\/tv-tregor.com\/web-precedent\/wp-json\/wp\/v2\/posts\/374\/revisions"}],"wp:attachment":[{"href":"https:\/\/tv-tregor.com\/web-precedent\/wp-json\/wp\/v2\/media?parent=374"}],"wp:term":[{"taxonomy":"category","embeddable":true,"href":"https:\/\/tv-tregor.com\/web-precedent\/wp-json\/wp\/v2\/categories?post=374"},{"taxonomy":"post_tag","embeddable":true,"href":"https:\/\/tv-tregor.com\/web-precedent\/wp-json\/wp\/v2\/tags?post=374"}],"curies":[{"name":"wp","href":"https:\/\/api.w.org\/{rel}","templated":true}]}}