{"id":367,"date":"2009-01-21T08:00:00","date_gmt":"2009-01-21T07:00:00","guid":{"rendered":"http:\/\/tv-tregor.com\/web-precedent\/2009\/01\/21\/les-10-ans-du-cri-de-lormeau-10\/"},"modified":"2009-01-21T08:00:00","modified_gmt":"2009-01-21T07:00:00","slug":"les-10-ans-du-cri-de-lormeau-10","status":"publish","type":"post","link":"https:\/\/tv-tregor.com\/web-precedent\/2009\/01\/21\/les-10-ans-du-cri-de-lormeau-10\/","title":{"rendered":"Les 10 ans du Cri de L&rsquo;Ormeau &#8211; 10&prime;"},"content":{"rendered":"<p><a href=\"https:\/\/tv-tregor.com\/web-precedent\/www\/streams\/lecri.html\" title=\"Regarder le sujet\">Regarder la vid\u00e9o <\/a><\/p>\n<p><a href=\"http:\/\/www.tv-tregor.com\/web-precedent\/www\/streams\/lecri.html\" title=\"Regarder le sujet\"><img decoding=\"async\" src=\"https:\/\/tv-tregor.com\/web-precedent\/IMG\/jpg\/lecrig.jpg\" alt=\"lecrig.jpg\" align=\"center\" \/><\/a> <\/p>\n<p> <BR>   Pour ceux qui ne le connaissent pas, le Cri de l&rsquo;Ormeau est un magazine culturel gratuit distribu\u00e9 dans dans plusieurs centaines d&rsquo;endroits des C\u00f4tes d&rsquo; Armor et cela, depuis 10 ann\u00e9es. 10 ans de dur labeur pour son cr\u00e9ateur Patrice Verdure.   Et c&rsquo;est \u00e0 cette occasion, qui co\u00efncide avec le 100\u00e8me exemplaire, qu&rsquo;une semaine de festivit\u00e9s, du 13 au 18 janvier, s&rsquo;est d\u00e9roul\u00e9e dans tout le d\u00e9partement. Semaine qui a d\u00e9but\u00e9 \u00e0 Cavan.<\/p>\n","protected":false},"excerpt":{"rendered":"<p><a href=\"https:\/\/tv-tregor.com\/web-precedent\/www\/streams\/lecri.html\" title=\"Regarder le sujet\">Regarder la vid\u00e9o <\/a><\/p>\n<p><a href=\"http:\/\/www.tv-tregor.com\/web-precedent\/www\/streams\/lecri.html\" title=\"Regarder le sujet\"><img decoding=\"async\" src=\"https:\/\/tv-tregor.com\/web-precedent\/IMG\/jpg\/lecrig.jpg\" alt=\"lecrig.jpg\" align=\"center\" \/><\/a> <\/p>\n<p> <BR> Pour ceux qui ne le connaissent pas, le Cri de l&rsquo;Ormeau est un magazine culturel gratuit distribu\u00e9 dans dans  \u2026  <a href=\"https:\/\/tv-tregor.com\/web-precedent\/2009\/01\/21\/les-10-ans-du-cri-de-lormeau-10\/\">&#8230;lire le sujet&#8230; <span class=\"meta-nav\">&rarr; <\/span><\/a><\/p>\n","protected":false},"author":1,"featured_media":0,"comment_status":"open","ping_status":"open","sticky":false,"template":"","format":"standard","meta":{"footnotes":""},"categories":[8],"tags":[],"class_list":["post-367","post","type-post","status-publish","format-standard","hentry","category-evenements"],"_links":{"self":[{"href":"https:\/\/tv-tregor.com\/web-precedent\/wp-json\/wp\/v2\/posts\/367","targetHints":{"allow":["GET"]}}],"collection":[{"href":"https:\/\/tv-tregor.com\/web-precedent\/wp-json\/wp\/v2\/posts"}],"about":[{"href":"https:\/\/tv-tregor.com\/web-precedent\/wp-json\/wp\/v2\/types\/post"}],"author":[{"embeddable":true,"href":"https:\/\/tv-tregor.com\/web-precedent\/wp-json\/wp\/v2\/users\/1"}],"replies":[{"embeddable":true,"href":"https:\/\/tv-tregor.com\/web-precedent\/wp-json\/wp\/v2\/comments?post=367"}],"version-history":[{"count":0,"href":"https:\/\/tv-tregor.com\/web-precedent\/wp-json\/wp\/v2\/posts\/367\/revisions"}],"wp:attachment":[{"href":"https:\/\/tv-tregor.com\/web-precedent\/wp-json\/wp\/v2\/media?parent=367"}],"wp:term":[{"taxonomy":"category","embeddable":true,"href":"https:\/\/tv-tregor.com\/web-precedent\/wp-json\/wp\/v2\/categories?post=367"},{"taxonomy":"post_tag","embeddable":true,"href":"https:\/\/tv-tregor.com\/web-precedent\/wp-json\/wp\/v2\/tags?post=367"}],"curies":[{"name":"wp","href":"https:\/\/api.w.org\/{rel}","templated":true}]}}