{"id":361,"date":"2008-12-30T16:25:00","date_gmt":"2008-12-30T15:25:00","guid":{"rendered":"http:\/\/tv-tregor.com\/web-precedent\/2008\/12\/30\/le-breton-de-lannee-par-armor-magazine-203\/"},"modified":"2008-12-30T16:25:00","modified_gmt":"2008-12-30T15:25:00","slug":"le-breton-de-lannee-par-armor-magazine-203","status":"publish","type":"post","link":"https:\/\/tv-tregor.com\/web-precedent\/2008\/12\/30\/le-breton-de-lannee-par-armor-magazine-203\/","title":{"rendered":"Le Breton de l&rsquo;ann\u00e9e par Armor Magazine &#8211; 2&rsquo;03"},"content":{"rendered":"<p><a href=\"https:\/\/tv-tregor.com\/web-precedent\/www\/streams\/ppda1.html\" title=\"Regarder le sujet\">Regarder la vid\u00e9o <\/a><\/p>\n<p><a href=\"http:\/\/www.tv-tregor.com\/web-precedent\/www\/streams\/ppda1.html\" title=\"Regarder le sujet\"><img decoding=\"async\" src=\"https:\/\/tv-tregor.com\/web-precedent\/IMG\/jpg\/ppdag.jpg\" alt=\"ppdag.jpg\" align=\"center\" \/><\/a> <\/p>\n<p> <BR>   Tradition oblige, la fin de l&rsquo;ann\u00e9e rime avec r\u00e9compense&#8230;  Ainsi, Armor Magazine ne d\u00e9roge pas \u00e0 la r\u00e8gle, et ce depuis 1977, en r\u00e9compensant le \u00ab\u00a0Breton de l&rsquo;Ann\u00e9e\u00a0\u00bb.  Et apr\u00e8s, Monseigneur Gourves en 2003, Fran\u00e7ois Pinault en 2006 et Jean-Pierre Pichard l&rsquo;ann\u00e9e derni\u00e8re, c&rsquo;est au tour de Patrick Poivre D&rsquo;Arvor de se voir attribuer le prestigieux titre&#8230;   Retour sur cette remise de prix&#8230;<\/p>\n","protected":false},"excerpt":{"rendered":"<p><a href=\"https:\/\/tv-tregor.com\/web-precedent\/www\/streams\/ppda1.html\" title=\"Regarder le sujet\">Regarder la vid\u00e9o <\/a><\/p>\n<p><a href=\"http:\/\/www.tv-tregor.com\/web-precedent\/www\/streams\/ppda1.html\" title=\"Regarder le sujet\"><img decoding=\"async\" src=\"https:\/\/tv-tregor.com\/web-precedent\/IMG\/jpg\/ppdag.jpg\" alt=\"ppdag.jpg\" align=\"center\" \/><\/a> <\/p>\n<p> <BR> Tradition oblige, la fin de l&rsquo;ann\u00e9e rime avec r\u00e9compense&#8230; Ainsi, Armor Magazine ne d\u00e9roge pas \u00e0 la r\u00e8gle, et  \u2026  <a href=\"https:\/\/tv-tregor.com\/web-precedent\/2008\/12\/30\/le-breton-de-lannee-par-armor-magazine-203\/\">&#8230;lire le sujet&#8230; <span class=\"meta-nav\">&rarr; <\/span><\/a><\/p>\n","protected":false},"author":1,"featured_media":0,"comment_status":"open","ping_status":"open","sticky":false,"template":"","format":"standard","meta":{"footnotes":""},"categories":[2],"tags":[],"class_list":["post-361","post","type-post","status-publish","format-standard","hentry","category-info-locale"],"_links":{"self":[{"href":"https:\/\/tv-tregor.com\/web-precedent\/wp-json\/wp\/v2\/posts\/361","targetHints":{"allow":["GET"]}}],"collection":[{"href":"https:\/\/tv-tregor.com\/web-precedent\/wp-json\/wp\/v2\/posts"}],"about":[{"href":"https:\/\/tv-tregor.com\/web-precedent\/wp-json\/wp\/v2\/types\/post"}],"author":[{"embeddable":true,"href":"https:\/\/tv-tregor.com\/web-precedent\/wp-json\/wp\/v2\/users\/1"}],"replies":[{"embeddable":true,"href":"https:\/\/tv-tregor.com\/web-precedent\/wp-json\/wp\/v2\/comments?post=361"}],"version-history":[{"count":0,"href":"https:\/\/tv-tregor.com\/web-precedent\/wp-json\/wp\/v2\/posts\/361\/revisions"}],"wp:attachment":[{"href":"https:\/\/tv-tregor.com\/web-precedent\/wp-json\/wp\/v2\/media?parent=361"}],"wp:term":[{"taxonomy":"category","embeddable":true,"href":"https:\/\/tv-tregor.com\/web-precedent\/wp-json\/wp\/v2\/categories?post=361"},{"taxonomy":"post_tag","embeddable":true,"href":"https:\/\/tv-tregor.com\/web-precedent\/wp-json\/wp\/v2\/tags?post=361"}],"curies":[{"name":"wp","href":"https:\/\/api.w.org\/{rel}","templated":true}]}}