{"id":360,"date":"2008-12-24T09:00:00","date_gmt":"2008-12-24T08:00:00","guid":{"rendered":"http:\/\/tv-tregor.com\/web-precedent\/2008\/12\/24\/ris-de-veau-a-la-creme-et-aux-morilles-3\/"},"modified":"2008-12-24T09:00:00","modified_gmt":"2008-12-24T08:00:00","slug":"ris-de-veau-a-la-creme-et-aux-morilles-3","status":"publish","type":"post","link":"https:\/\/tv-tregor.com\/web-precedent\/2008\/12\/24\/ris-de-veau-a-la-creme-et-aux-morilles-3\/","title":{"rendered":"Ris de Veau \u00e0 la cr\u00e8me et aux morilles &#8211; 3&prime;"},"content":{"rendered":"<p><a href=\"https:\/\/tv-tregor.com\/web-precedent\/www\/streams\/risveau.html\" title=\"Regarder le sujet\">Regarder la vid\u00e9o <\/a><\/p>\n<p><a href=\"http:\/\/www.tv-tregor.com\/web-precedent\/www\/streams\/risveau.html\" title=\"Regarder le sujet\"><img decoding=\"async\" src=\"https:\/\/tv-tregor.com\/web-precedent\/IMG\/jpg\/risveaug.jpg\" alt=\"risveaug.jpg\" align=\"center\" \/><\/a> <\/p>\n<p> <BR>  Dans le cadre de la rubrique Cuisine, TV &#8211; TREGOR se mobilise pour l&rsquo;op\u00e9ration \u00ab\u00a0Novembre, Mois des Produits Tripiers\u00a0\u00bb  Ainsi, par l&rsquo;interm\u00e9diaire de Family Tripes et des ses trois ambassadeurs, des recettes faciles et bonnes sont propos\u00e9es pour coller \u00e0 toutes les situations et toutes les envies d&rsquo;une famille. La preuve que les produits tripiers peuvent rimer avec plats du quotidien.   Cette semaine : \u00ab\u00a0Ris de Veau \u00e0 la cr\u00e8me et aux morilles\u00a0\u00bb<\/p>\n","protected":false},"excerpt":{"rendered":"<p><a href=\"https:\/\/tv-tregor.com\/web-precedent\/www\/streams\/risveau.html\" title=\"Regarder le sujet\">Regarder la vid\u00e9o <\/a><\/p>\n<p><a href=\"http:\/\/www.tv-tregor.com\/web-precedent\/www\/streams\/risveau.html\" title=\"Regarder le sujet\"><img decoding=\"async\" src=\"https:\/\/tv-tregor.com\/web-precedent\/IMG\/jpg\/risveaug.jpg\" alt=\"risveaug.jpg\" align=\"center\" \/><\/a> <\/p>\n<p> <BR> Dans le cadre de la rubrique Cuisine, TV &#8211; TREGOR se mobilise pour l&rsquo;op\u00e9ration \u00ab\u00a0Novembre, Mois des Produits Tripiers\u00a0\u00bb  \u2026  <a href=\"https:\/\/tv-tregor.com\/web-precedent\/2008\/12\/24\/ris-de-veau-a-la-creme-et-aux-morilles-3\/\">&#8230;lire le sujet&#8230; <span class=\"meta-nav\">&rarr; <\/span><\/a><\/p>\n","protected":false},"author":1,"featured_media":0,"comment_status":"open","ping_status":"open","sticky":false,"template":"","format":"standard","meta":{"footnotes":""},"categories":[33],"tags":[],"class_list":["post-360","post","type-post","status-publish","format-standard","hentry","category-cuisine"],"_links":{"self":[{"href":"https:\/\/tv-tregor.com\/web-precedent\/wp-json\/wp\/v2\/posts\/360","targetHints":{"allow":["GET"]}}],"collection":[{"href":"https:\/\/tv-tregor.com\/web-precedent\/wp-json\/wp\/v2\/posts"}],"about":[{"href":"https:\/\/tv-tregor.com\/web-precedent\/wp-json\/wp\/v2\/types\/post"}],"author":[{"embeddable":true,"href":"https:\/\/tv-tregor.com\/web-precedent\/wp-json\/wp\/v2\/users\/1"}],"replies":[{"embeddable":true,"href":"https:\/\/tv-tregor.com\/web-precedent\/wp-json\/wp\/v2\/comments?post=360"}],"version-history":[{"count":0,"href":"https:\/\/tv-tregor.com\/web-precedent\/wp-json\/wp\/v2\/posts\/360\/revisions"}],"wp:attachment":[{"href":"https:\/\/tv-tregor.com\/web-precedent\/wp-json\/wp\/v2\/media?parent=360"}],"wp:term":[{"taxonomy":"category","embeddable":true,"href":"https:\/\/tv-tregor.com\/web-precedent\/wp-json\/wp\/v2\/categories?post=360"},{"taxonomy":"post_tag","embeddable":true,"href":"https:\/\/tv-tregor.com\/web-precedent\/wp-json\/wp\/v2\/tags?post=360"}],"curies":[{"name":"wp","href":"https:\/\/api.w.org\/{rel}","templated":true}]}}