{"id":350,"date":"2008-12-03T08:05:00","date_gmt":"2008-12-03T07:05:00","guid":{"rendered":"http:\/\/tv-tregor.com\/web-precedent\/2008\/12\/03\/ondes-et-sante-partie-i-1h30\/"},"modified":"2008-12-03T08:05:00","modified_gmt":"2008-12-03T07:05:00","slug":"ondes-et-sante-partie-i-1h30","status":"publish","type":"post","link":"https:\/\/tv-tregor.com\/web-precedent\/2008\/12\/03\/ondes-et-sante-partie-i-1h30\/","title":{"rendered":"Ondes et Sant\u00e9  (Partie I ) &#8211; 1h30"},"content":{"rendered":"<p><a href=\"https:\/\/tv-tregor.com\/web-precedent\/www\/streams\/confonde.html\" title=\"Regarder le sujet\">Regarder la vid\u00e9o <\/a><\/p>\n<p><a href=\"http:\/\/www.tv-tregor.com\/web-precedent\/www\/streams\/confonde.html\" title=\"Regarder le sujet\"><img decoding=\"async\" src=\"https:\/\/tv-tregor.com\/web-precedent\/IMG\/jpg\/confcarreg.jpg\" alt=\"confcarreg.jpg\" align=\"center\" \/><\/a> <\/p>\n<p> <BR>   50 millions de t\u00e9l\u00e9phones mobiles en France et 4 milliards de par le monde&#8230; Face \u00e0 cette r\u00e9ussite technologique, une question l\u00e9gitime se pose : Notre sant\u00e9 est-elle mise en danger par cette d\u00e9ferlante d&rsquo;ondes \u00e9lectromagn\u00e9tiques?  Des milliers de travaux ont \u00e9t\u00e9 r\u00e9alis\u00e9s, de grands d\u00e9bats promulgu\u00e9s&#8230;et pourtant une ombre persiste.  Pour \u00e9clairer un peu le sujet, Joe Wiart, expert international, vice-pr\u00e9sident du Comit\u00e9 national fran\u00e7ais de radio\u00e9lectricit\u00e9 scientifique est intervenu vendredi 28 novembre dernier au Carr\u00e9 Magique \u00e0 Lannion pour pr\u00e9senter ses travaux. Autour de lui, des experts et des repr\u00e9sentants du monde m\u00e9dical.  Retour sur la conf\u00e9rence.<\/p>\n","protected":false},"excerpt":{"rendered":"<p><a href=\"https:\/\/tv-tregor.com\/web-precedent\/www\/streams\/confonde.html\" title=\"Regarder le sujet\">Regarder la vid\u00e9o <\/a><\/p>\n<p><a href=\"http:\/\/www.tv-tregor.com\/web-precedent\/www\/streams\/confonde.html\" title=\"Regarder le sujet\"><img decoding=\"async\" src=\"https:\/\/tv-tregor.com\/web-precedent\/IMG\/jpg\/confcarreg.jpg\" alt=\"confcarreg.jpg\" align=\"center\" \/><\/a> <\/p>\n<p> <BR> 50 millions de t\u00e9l\u00e9phones mobiles en France et 4 milliards de par le monde&#8230; Face \u00e0 cette r\u00e9ussite technologique,  \u2026  <a href=\"https:\/\/tv-tregor.com\/web-precedent\/2008\/12\/03\/ondes-et-sante-partie-i-1h30\/\">&#8230;lire le sujet&#8230; <span class=\"meta-nav\">&rarr; <\/span><\/a><\/p>\n","protected":false},"author":1,"featured_media":0,"comment_status":"open","ping_status":"open","sticky":false,"template":"","format":"standard","meta":{"footnotes":""},"categories":[25],"tags":[],"class_list":["post-350","post","type-post","status-publish","format-standard","hentry","category-infos-conso"],"_links":{"self":[{"href":"https:\/\/tv-tregor.com\/web-precedent\/wp-json\/wp\/v2\/posts\/350","targetHints":{"allow":["GET"]}}],"collection":[{"href":"https:\/\/tv-tregor.com\/web-precedent\/wp-json\/wp\/v2\/posts"}],"about":[{"href":"https:\/\/tv-tregor.com\/web-precedent\/wp-json\/wp\/v2\/types\/post"}],"author":[{"embeddable":true,"href":"https:\/\/tv-tregor.com\/web-precedent\/wp-json\/wp\/v2\/users\/1"}],"replies":[{"embeddable":true,"href":"https:\/\/tv-tregor.com\/web-precedent\/wp-json\/wp\/v2\/comments?post=350"}],"version-history":[{"count":0,"href":"https:\/\/tv-tregor.com\/web-precedent\/wp-json\/wp\/v2\/posts\/350\/revisions"}],"wp:attachment":[{"href":"https:\/\/tv-tregor.com\/web-precedent\/wp-json\/wp\/v2\/media?parent=350"}],"wp:term":[{"taxonomy":"category","embeddable":true,"href":"https:\/\/tv-tregor.com\/web-precedent\/wp-json\/wp\/v2\/categories?post=350"},{"taxonomy":"post_tag","embeddable":true,"href":"https:\/\/tv-tregor.com\/web-precedent\/wp-json\/wp\/v2\/tags?post=350"}],"curies":[{"name":"wp","href":"https:\/\/api.w.org\/{rel}","templated":true}]}}