{"id":343,"date":"2008-11-19T08:00:00","date_gmt":"2008-11-19T07:00:00","guid":{"rendered":"http:\/\/tv-tregor.com\/web-precedent\/2008\/11\/19\/un-bagad-au-pays-du-soleil-levant-604\/"},"modified":"2008-11-19T08:00:00","modified_gmt":"2008-11-19T07:00:00","slug":"un-bagad-au-pays-du-soleil-levant-604","status":"publish","type":"post","link":"https:\/\/tv-tregor.com\/web-precedent\/2008\/11\/19\/un-bagad-au-pays-du-soleil-levant-604\/","title":{"rendered":"Un bagad au Pays du Soleil Levant &#8211; 6&rsquo;04"},"content":{"rendered":"<p><a href=\"https:\/\/tv-tregor.com\/web-precedent\/www\/streams\/bagad.html\" title=\"Regarder le sujet\">Regarder la vid\u00e9o <\/a><\/p>\n<p><a href=\"http:\/\/www.tv-tregor.com\/web-precedent\/www\/streams\/bagad.html\" title=\"Regarder le sujet\"><img decoding=\"async\" src=\"https:\/\/tv-tregor.com\/web-precedent\/IMG\/jpg\/bagadg.jpg\" alt=\"bagadg.jpg\" align=\"center\" \/><\/a> <\/p>\n<p> <BR>  Pour son 25\u00e8me anniversaire, le Festival des Hortensias de Perros-Guirec avait invit\u00e9, le 10 Ao\u00fbt dernier, un \u00ab\u00a0breton de c&#339;ur\u00a0\u00bb, Carlos Nu\u00f1ez. Le galicien a ainsi procur\u00e9 deux heures de pur bonheur aux spectateurs venus en masse.  Et cerise sur le g\u00e2teau, le musicien a invit\u00e9 le bagad de Perros Guirec a interpr\u00e9t\u00e9, \u00e0 ses c\u00f4t\u00e9s, la bande originale du film de Goro Miyasaki, le \u00ab\u00a0contes de Terremer\u00a0\u00bb..   Une musique originale &#8230;<\/p>\n","protected":false},"excerpt":{"rendered":"<p><a href=\"https:\/\/tv-tregor.com\/web-precedent\/www\/streams\/bagad.html\" title=\"Regarder le sujet\">Regarder la vid\u00e9o <\/a><\/p>\n<p><a href=\"http:\/\/www.tv-tregor.com\/web-precedent\/www\/streams\/bagad.html\" title=\"Regarder le sujet\"><img decoding=\"async\" src=\"https:\/\/tv-tregor.com\/web-precedent\/IMG\/jpg\/bagadg.jpg\" alt=\"bagadg.jpg\" align=\"center\" \/><\/a> <\/p>\n<p> <BR> Pour son 25\u00e8me anniversaire, le Festival des Hortensias de Perros-Guirec avait invit\u00e9, le 10 Ao\u00fbt dernier, un \u00ab\u00a0breton de  \u2026  <a href=\"https:\/\/tv-tregor.com\/web-precedent\/2008\/11\/19\/un-bagad-au-pays-du-soleil-levant-604\/\">&#8230;lire le sujet&#8230; <span class=\"meta-nav\">&rarr; <\/span><\/a><\/p>\n","protected":false},"author":1,"featured_media":0,"comment_status":"open","ping_status":"open","sticky":false,"template":"","format":"standard","meta":{"footnotes":""},"categories":[8],"tags":[],"class_list":["post-343","post","type-post","status-publish","format-standard","hentry","category-evenements"],"_links":{"self":[{"href":"https:\/\/tv-tregor.com\/web-precedent\/wp-json\/wp\/v2\/posts\/343","targetHints":{"allow":["GET"]}}],"collection":[{"href":"https:\/\/tv-tregor.com\/web-precedent\/wp-json\/wp\/v2\/posts"}],"about":[{"href":"https:\/\/tv-tregor.com\/web-precedent\/wp-json\/wp\/v2\/types\/post"}],"author":[{"embeddable":true,"href":"https:\/\/tv-tregor.com\/web-precedent\/wp-json\/wp\/v2\/users\/1"}],"replies":[{"embeddable":true,"href":"https:\/\/tv-tregor.com\/web-precedent\/wp-json\/wp\/v2\/comments?post=343"}],"version-history":[{"count":0,"href":"https:\/\/tv-tregor.com\/web-precedent\/wp-json\/wp\/v2\/posts\/343\/revisions"}],"wp:attachment":[{"href":"https:\/\/tv-tregor.com\/web-precedent\/wp-json\/wp\/v2\/media?parent=343"}],"wp:term":[{"taxonomy":"category","embeddable":true,"href":"https:\/\/tv-tregor.com\/web-precedent\/wp-json\/wp\/v2\/categories?post=343"},{"taxonomy":"post_tag","embeddable":true,"href":"https:\/\/tv-tregor.com\/web-precedent\/wp-json\/wp\/v2\/tags?post=343"}],"curies":[{"name":"wp","href":"https:\/\/api.w.org\/{rel}","templated":true}]}}