{"id":338,"date":"2008-10-28T19:15:00","date_gmt":"2008-10-28T18:15:00","guid":{"rendered":"http:\/\/tv-tregor.com\/web-precedent\/2008\/10\/28\/symposium-de-cavan-950\/"},"modified":"2008-10-28T19:15:00","modified_gmt":"2008-10-28T18:15:00","slug":"symposium-de-cavan-950","status":"publish","type":"post","link":"https:\/\/tv-tregor.com\/web-precedent\/2008\/10\/28\/symposium-de-cavan-950\/","title":{"rendered":"Symposium de cavan &#8211; 9&rsquo;50"},"content":{"rendered":"<p><a href=\"https:\/\/tv-tregor.com\/web-precedent\/www\/streams\/deuxsympos.html\" title=\"Regarder le sujet\">Regarder la vid\u00e9o <\/a><\/p>\n<p><a href=\"http:\/\/www.tv-tregor.com\/web-precedent\/www\/streams\/deuxsympos.html\" title=\"Regarder le sujet\"><img decoding=\"async\" src=\"https:\/\/tv-tregor.com\/web-precedent\/IMG\/jpg\/deuxsymposg.jpg\" alt=\"deuxsymposg.jpg\" align=\"center\" \/><\/a> <\/p>\n<p> <BR>    Du lundi 8 au samedi 20 septembre dernier, la commune de Cavan et l&rsquo;association des Amis des Arts ont organis\u00e9 leur second rendez-vous international autour de la sculpture : le Symposium. Quatre artistes bretons et quatre venus de loin, Belgique, Irlande, Niger ou encore Pologne, se sont ainsi affront\u00e9s au granit et au m\u00e9tal.   Une manifestation qui a \u00e9t\u00e9 plac\u00e9e sous le signe de la convivialit\u00e9, de l&rsquo;entraide , de la d\u00e9couverte d&rsquo;autres cultures et de l&rsquo;\u00e9change, tant entre artistes qu&rsquo;avec le public.  Petit voyage au milieu des sculptures et de leurs m\u00e8res et p\u00e8res.<\/p>\n","protected":false},"excerpt":{"rendered":"<p><a href=\"https:\/\/tv-tregor.com\/web-precedent\/www\/streams\/deuxsympos.html\" title=\"Regarder le sujet\">Regarder la vid\u00e9o <\/a><\/p>\n<p><a href=\"http:\/\/www.tv-tregor.com\/web-precedent\/www\/streams\/deuxsympos.html\" title=\"Regarder le sujet\"><img decoding=\"async\" src=\"https:\/\/tv-tregor.com\/web-precedent\/IMG\/jpg\/deuxsymposg.jpg\" alt=\"deuxsymposg.jpg\" align=\"center\" \/><\/a> <\/p>\n<p> <BR> Du lundi 8 au samedi 20 septembre dernier, la commune de Cavan et l&rsquo;association des Amis des Arts ont  \u2026  <a href=\"https:\/\/tv-tregor.com\/web-precedent\/2008\/10\/28\/symposium-de-cavan-950\/\">&#8230;lire le sujet&#8230; <span class=\"meta-nav\">&rarr; <\/span><\/a><\/p>\n","protected":false},"author":1,"featured_media":0,"comment_status":"open","ping_status":"open","sticky":false,"template":"","format":"standard","meta":{"footnotes":""},"categories":[14],"tags":[],"class_list":["post-338","post","type-post","status-publish","format-standard","hentry","category-culture"],"_links":{"self":[{"href":"https:\/\/tv-tregor.com\/web-precedent\/wp-json\/wp\/v2\/posts\/338","targetHints":{"allow":["GET"]}}],"collection":[{"href":"https:\/\/tv-tregor.com\/web-precedent\/wp-json\/wp\/v2\/posts"}],"about":[{"href":"https:\/\/tv-tregor.com\/web-precedent\/wp-json\/wp\/v2\/types\/post"}],"author":[{"embeddable":true,"href":"https:\/\/tv-tregor.com\/web-precedent\/wp-json\/wp\/v2\/users\/1"}],"replies":[{"embeddable":true,"href":"https:\/\/tv-tregor.com\/web-precedent\/wp-json\/wp\/v2\/comments?post=338"}],"version-history":[{"count":0,"href":"https:\/\/tv-tregor.com\/web-precedent\/wp-json\/wp\/v2\/posts\/338\/revisions"}],"wp:attachment":[{"href":"https:\/\/tv-tregor.com\/web-precedent\/wp-json\/wp\/v2\/media?parent=338"}],"wp:term":[{"taxonomy":"category","embeddable":true,"href":"https:\/\/tv-tregor.com\/web-precedent\/wp-json\/wp\/v2\/categories?post=338"},{"taxonomy":"post_tag","embeddable":true,"href":"https:\/\/tv-tregor.com\/web-precedent\/wp-json\/wp\/v2\/tags?post=338"}],"curies":[{"name":"wp","href":"https:\/\/api.w.org\/{rel}","templated":true}]}}