{"id":336,"date":"2008-10-28T19:10:00","date_gmt":"2008-10-28T18:10:00","guid":{"rendered":"http:\/\/tv-tregor.com\/web-precedent\/2008\/10\/28\/bande-originale-du-film-les-contes-de-terremer-par-carlos-nunez-319\/"},"modified":"2008-10-28T19:10:00","modified_gmt":"2008-10-28T18:10:00","slug":"bande-originale-du-film-les-contes-de-terremer-par-carlos-nunez-319","status":"publish","type":"post","link":"https:\/\/tv-tregor.com\/web-precedent\/2008\/10\/28\/bande-originale-du-film-les-contes-de-terremer-par-carlos-nunez-319\/","title":{"rendered":"Bande Originale du film \u00ab\u00a0Les contes de Terremer\u00a0\u00bb par Carlos Nu\u00f1ez &#8211; 3&rsquo;19"},"content":{"rendered":"<p><a href=\"https:\/\/tv-tregor.com\/web-precedent\/www\/streams\/carlos1.html\" title=\"Regarder le sujet\">Regarder la vid\u00e9o <\/a><\/p>\n<p><a href=\"http:\/\/www.tv-tregor.com\/web-precedent\/www\/streams\/carlos1.html\" title=\"Regarder le sujet\"><img decoding=\"async\" src=\"https:\/\/tv-tregor.com\/web-precedent\/IMG\/jpg\/carlosg.jpg\" alt=\"carlosg.jpg\" align=\"center\" \/><\/a> <\/p>\n<p> <BR>   Pour son 25\u00e8me anniversaire, le Festival des Hortensias de Perros-Guirec avait invit\u00e9, le 10 A\u00f4ut dernier, un \u00ab\u00a0breton de c&#339;ur\u00a0\u00bb, Carlos Nu\u00f1ez.  Le galicien a ainsi procur\u00e9 deux heures de pur bonheur aux spectateurs venus en masse.  Parmi les nombreux morceaux interpr\u00e9t\u00e9s, la bande originale du film de Goro Miyazaki, les \u00ab\u00a0Contes de Terremer\u00a0\u00bb.   Avec ce premier film, le r\u00e9alisateur, fils du non moins c\u00e9l\u00e8bre, Hayao Miyazaki \u00e0 qui l&rsquo;on doit entre autre, \u00ab\u00a0Princesse Mononok\u00e9\u00a0\u00bb, s&rsquo;illustre dans un genre puisant dans le pass\u00e9 du Studio Ghibli tout en apportant une touche personnelle.   L&rsquo;appel \u00e0 Carlos Nu\u00f1ez pour la musique omnipr\u00e9sente dans le film en est une.  Envol\u00e9e musicale &#8230;<\/p>\n","protected":false},"excerpt":{"rendered":"<p><a href=\"https:\/\/tv-tregor.com\/web-precedent\/www\/streams\/carlos1.html\" title=\"Regarder le sujet\">Regarder la vid\u00e9o <\/a><\/p>\n<p><a href=\"http:\/\/www.tv-tregor.com\/web-precedent\/www\/streams\/carlos1.html\" title=\"Regarder le sujet\"><img decoding=\"async\" src=\"https:\/\/tv-tregor.com\/web-precedent\/IMG\/jpg\/carlosg.jpg\" alt=\"carlosg.jpg\" align=\"center\" \/><\/a> <\/p>\n<p> <BR> Pour son 25\u00e8me anniversaire, le Festival des Hortensias de Perros-Guirec avait invit\u00e9, le 10 A\u00f4ut dernier, un \u00ab\u00a0breton de  \u2026  <a href=\"https:\/\/tv-tregor.com\/web-precedent\/2008\/10\/28\/bande-originale-du-film-les-contes-de-terremer-par-carlos-nunez-319\/\">&#8230;lire le sujet&#8230; <span class=\"meta-nav\">&rarr; <\/span><\/a><\/p>\n","protected":false},"author":1,"featured_media":0,"comment_status":"open","ping_status":"open","sticky":false,"template":"","format":"standard","meta":{"footnotes":""},"categories":[39],"tags":[],"class_list":["post-336","post","type-post","status-publish","format-standard","hentry","category-captations"],"_links":{"self":[{"href":"https:\/\/tv-tregor.com\/web-precedent\/wp-json\/wp\/v2\/posts\/336","targetHints":{"allow":["GET"]}}],"collection":[{"href":"https:\/\/tv-tregor.com\/web-precedent\/wp-json\/wp\/v2\/posts"}],"about":[{"href":"https:\/\/tv-tregor.com\/web-precedent\/wp-json\/wp\/v2\/types\/post"}],"author":[{"embeddable":true,"href":"https:\/\/tv-tregor.com\/web-precedent\/wp-json\/wp\/v2\/users\/1"}],"replies":[{"embeddable":true,"href":"https:\/\/tv-tregor.com\/web-precedent\/wp-json\/wp\/v2\/comments?post=336"}],"version-history":[{"count":0,"href":"https:\/\/tv-tregor.com\/web-precedent\/wp-json\/wp\/v2\/posts\/336\/revisions"}],"wp:attachment":[{"href":"https:\/\/tv-tregor.com\/web-precedent\/wp-json\/wp\/v2\/media?parent=336"}],"wp:term":[{"taxonomy":"category","embeddable":true,"href":"https:\/\/tv-tregor.com\/web-precedent\/wp-json\/wp\/v2\/categories?post=336"},{"taxonomy":"post_tag","embeddable":true,"href":"https:\/\/tv-tregor.com\/web-precedent\/wp-json\/wp\/v2\/tags?post=336"}],"curies":[{"name":"wp","href":"https:\/\/api.w.org\/{rel}","templated":true}]}}