{"id":327,"date":"2008-10-15T10:00:00","date_gmt":"2008-10-15T09:00:00","guid":{"rendered":"http:\/\/tv-tregor.com\/web-precedent\/2008\/10\/15\/sur-la-trace-des-sonneurs-419\/"},"modified":"2008-10-15T10:00:00","modified_gmt":"2008-10-15T09:00:00","slug":"sur-la-trace-des-sonneurs-419","status":"publish","type":"post","link":"https:\/\/tv-tregor.com\/web-precedent\/2008\/10\/15\/sur-la-trace-des-sonneurs-419\/","title":{"rendered":"Sur la trace des sonneurs &#8211; 4&rsquo;19"},"content":{"rendered":"<p><a href=\"https:\/\/tv-tregor.com\/web-precedent\/www\/streams\/sonneurs.html\" title=\"Regarder le sujet\">Regarder la vid\u00e9o <\/a><\/p>\n<p><a href=\"http:\/\/www.tv-tregor.com\/web-precedent\/www\/streams\/sonneurs.html\" title=\"Regarder le sujet\"><img decoding=\"async\" src=\"https:\/\/tv-tregor.com\/web-precedent\/IMG\/jpg\/sonneursg.jpg\" alt=\"sonneursg.jpg\" align=\"center\" \/><\/a> <\/p>\n<p> <BR>  Depuis la nuit des temps, en Bretagne, sortent des terres des airs musicaux traditionnels.   Ce sont ceux des sonneurs. Ces joueurs de biniou ou de bombarde se retrouvaient g\u00e9n\u00e9ralement en couple pour les noces, f\u00eates et autres manifestations locales.  Alors, si vous ne connaissez pas encore ces sons ancestraux, suivez les guides, Jean Baron \u00e0 la bombarde et Christian Anneix au biniou, sur la \u00ab\u00a0traces des sonneurs&#8230;\u00a0\u00bb  Un reportage r\u00e9alis\u00e9 par Fran\u00e7oise Pignon et Jean-Pierre Letellier.<\/p>\n","protected":false},"excerpt":{"rendered":"<p><a href=\"https:\/\/tv-tregor.com\/web-precedent\/www\/streams\/sonneurs.html\" title=\"Regarder le sujet\">Regarder la vid\u00e9o <\/a><\/p>\n<p><a href=\"http:\/\/www.tv-tregor.com\/web-precedent\/www\/streams\/sonneurs.html\" title=\"Regarder le sujet\"><img decoding=\"async\" src=\"https:\/\/tv-tregor.com\/web-precedent\/IMG\/jpg\/sonneursg.jpg\" alt=\"sonneursg.jpg\" align=\"center\" \/><\/a> <\/p>\n<p> <BR> Depuis la nuit des temps, en Bretagne, sortent des terres des airs musicaux traditionnels. Ce sont ceux des sonneurs.  \u2026  <a href=\"https:\/\/tv-tregor.com\/web-precedent\/2008\/10\/15\/sur-la-trace-des-sonneurs-419\/\">&#8230;lire le sujet&#8230; <span class=\"meta-nav\">&rarr; <\/span><\/a><\/p>\n","protected":false},"author":1,"featured_media":0,"comment_status":"open","ping_status":"open","sticky":false,"template":"","format":"standard","meta":{"footnotes":""},"categories":[53],"tags":[],"class_list":["post-327","post","type-post","status-publish","format-standard","hentry","category-films-personnels"],"_links":{"self":[{"href":"https:\/\/tv-tregor.com\/web-precedent\/wp-json\/wp\/v2\/posts\/327","targetHints":{"allow":["GET"]}}],"collection":[{"href":"https:\/\/tv-tregor.com\/web-precedent\/wp-json\/wp\/v2\/posts"}],"about":[{"href":"https:\/\/tv-tregor.com\/web-precedent\/wp-json\/wp\/v2\/types\/post"}],"author":[{"embeddable":true,"href":"https:\/\/tv-tregor.com\/web-precedent\/wp-json\/wp\/v2\/users\/1"}],"replies":[{"embeddable":true,"href":"https:\/\/tv-tregor.com\/web-precedent\/wp-json\/wp\/v2\/comments?post=327"}],"version-history":[{"count":0,"href":"https:\/\/tv-tregor.com\/web-precedent\/wp-json\/wp\/v2\/posts\/327\/revisions"}],"wp:attachment":[{"href":"https:\/\/tv-tregor.com\/web-precedent\/wp-json\/wp\/v2\/media?parent=327"}],"wp:term":[{"taxonomy":"category","embeddable":true,"href":"https:\/\/tv-tregor.com\/web-precedent\/wp-json\/wp\/v2\/categories?post=327"},{"taxonomy":"post_tag","embeddable":true,"href":"https:\/\/tv-tregor.com\/web-precedent\/wp-json\/wp\/v2\/tags?post=327"}],"curies":[{"name":"wp","href":"https:\/\/api.w.org\/{rel}","templated":true}]}}