{"id":319,"date":"2008-10-08T08:15:00","date_gmt":"2008-10-08T07:15:00","guid":{"rendered":"http:\/\/tv-tregor.com\/web-precedent\/2008\/10\/08\/joyeux-anniversaire-1349\/"},"modified":"2008-10-08T08:15:00","modified_gmt":"2008-10-08T07:15:00","slug":"joyeux-anniversaire-1349","status":"publish","type":"post","link":"https:\/\/tv-tregor.com\/web-precedent\/2008\/10\/08\/joyeux-anniversaire-1349\/","title":{"rendered":"Joyeux Anniversaire! -13&rsquo;49"},"content":{"rendered":"<p><a href=\"https:\/\/tv-tregor.com\/web-precedent\/www\/streams\/tempojazz.html\" title=\"Regarder le sujet\">Regarder la vid\u00e9o <\/a><\/p>\n<p><a href=\"http:\/\/www.tv-tregor.com\/web-precedent\/www\/streams\/tempojazz.html\" title=\"Regarder le sujet\"><img decoding=\"async\" src=\"https:\/\/tv-tregor.com\/web-precedent\/IMG\/jpg\/tempog.jpg\" alt=\"tempog.jpg\" align=\"center\" \/><\/a> <\/p>\n<p> <BR>   Cette ann\u00e9e, l&rsquo;association Tempo Jazz f\u00eate ses 10 ans. Jean Mathias P\u00e9tri, Jean Philippe Lavergne et Jo\u00ebl Camarra ont cr\u00e9\u00e9 l&rsquo;association en 1997 autour d&rsquo;ateliers p\u00e9dagogiques.  Depuis, plus d&rsquo;une centaine de musiciens sont pass\u00e9s \u00e0 Tempo, amateurs, professionnels ou futurs professionnels. La structure a cr\u00e9\u00e9 un orchestre, une fanfare et accompagne plusieurs formations.  Air Groove Tempo regroupent les musiciens des ateliers de Tempo.   Ce jour-l\u00e0, au festival de Lanloup, ils avaient invit\u00e9 Boris Blanchet au saxo t\u00e9nor.  Destination jazz&#8230;<\/p>\n","protected":false},"excerpt":{"rendered":"<p><a href=\"https:\/\/tv-tregor.com\/web-precedent\/www\/streams\/tempojazz.html\" title=\"Regarder le sujet\">Regarder la vid\u00e9o <\/a><\/p>\n<p><a href=\"http:\/\/www.tv-tregor.com\/web-precedent\/www\/streams\/tempojazz.html\" title=\"Regarder le sujet\"><img decoding=\"async\" src=\"https:\/\/tv-tregor.com\/web-precedent\/IMG\/jpg\/tempog.jpg\" alt=\"tempog.jpg\" align=\"center\" \/><\/a> <\/p>\n<p> <BR> Cette ann\u00e9e, l&rsquo;association Tempo Jazz f\u00eate ses 10 ans. Jean Mathias P\u00e9tri, Jean Philippe Lavergne et Jo\u00ebl Camarra ont  \u2026  <a href=\"https:\/\/tv-tregor.com\/web-precedent\/2008\/10\/08\/joyeux-anniversaire-1349\/\">&#8230;lire le sujet&#8230; <span class=\"meta-nav\">&rarr; <\/span><\/a><\/p>\n","protected":false},"author":1,"featured_media":0,"comment_status":"open","ping_status":"open","sticky":false,"template":"","format":"standard","meta":{"footnotes":""},"categories":[8],"tags":[],"class_list":["post-319","post","type-post","status-publish","format-standard","hentry","category-evenements"],"_links":{"self":[{"href":"https:\/\/tv-tregor.com\/web-precedent\/wp-json\/wp\/v2\/posts\/319","targetHints":{"allow":["GET"]}}],"collection":[{"href":"https:\/\/tv-tregor.com\/web-precedent\/wp-json\/wp\/v2\/posts"}],"about":[{"href":"https:\/\/tv-tregor.com\/web-precedent\/wp-json\/wp\/v2\/types\/post"}],"author":[{"embeddable":true,"href":"https:\/\/tv-tregor.com\/web-precedent\/wp-json\/wp\/v2\/users\/1"}],"replies":[{"embeddable":true,"href":"https:\/\/tv-tregor.com\/web-precedent\/wp-json\/wp\/v2\/comments?post=319"}],"version-history":[{"count":0,"href":"https:\/\/tv-tregor.com\/web-precedent\/wp-json\/wp\/v2\/posts\/319\/revisions"}],"wp:attachment":[{"href":"https:\/\/tv-tregor.com\/web-precedent\/wp-json\/wp\/v2\/media?parent=319"}],"wp:term":[{"taxonomy":"category","embeddable":true,"href":"https:\/\/tv-tregor.com\/web-precedent\/wp-json\/wp\/v2\/categories?post=319"},{"taxonomy":"post_tag","embeddable":true,"href":"https:\/\/tv-tregor.com\/web-precedent\/wp-json\/wp\/v2\/tags?post=319"}],"curies":[{"name":"wp","href":"https:\/\/api.w.org\/{rel}","templated":true}]}}