{"id":318,"date":"2008-10-01T08:10:00","date_gmt":"2008-10-01T07:10:00","guid":{"rendered":"http:\/\/tv-tregor.com\/web-precedent\/2008\/10\/01\/enfin-la-regularisation-415\/"},"modified":"2008-10-01T08:10:00","modified_gmt":"2008-10-01T07:10:00","slug":"enfin-la-regularisation-415","status":"publish","type":"post","link":"https:\/\/tv-tregor.com\/web-precedent\/2008\/10\/01\/enfin-la-regularisation-415\/","title":{"rendered":"Enfin la r\u00e9gularisation&#8230; &#8211; 4&rsquo;15"},"content":{"rendered":"<p><a href=\"https:\/\/tv-tregor.com\/web-precedent\/www\/streams\/regularisation.html\" title=\"Regarder le sujet\">Regarder la vid\u00e9o <\/a><\/p>\n<p><a href=\"http:\/\/www.tv-tregor.com\/web-precedent\/www\/streams\/regularisation.html\" title=\"Regarder le sujet\"><img decoding=\"async\" src=\"https:\/\/tv-tregor.com\/web-precedent\/IMG\/jpg\/regularisationg.jpg\" alt=\"regularisationg.jpg\" align=\"center\" \/><\/a> <\/p>\n<p> <BR>  Le 13 septembre dernier, plus de 500 manifestants \u00e9taient descendus dans les rues de Lannion pour protester contre le statut d&rsquo;une famille g\u00e9orgienne.   En effet, Lasha, Temouri et leur m\u00e8re Maia \u00e9taient dans une situation plus que pr\u00e9caire et que beaucoup croyait sans espoir : la non r\u00e9gularisation de leur \u00e9tat et, de ce fait, le retour au pays au moindre contr\u00f4le policier.   Pourtant, apr\u00e8s trois ann\u00e9es de bataille, la bonne nouvelle est tomb\u00e9e jeudi 18 septembre: le pr\u00e9fet des C\u00f4tes d&rsquo;Armor a d\u00e9cid\u00e9 de r\u00e9gulariser la famille.  Entretien.<\/p>\n","protected":false},"excerpt":{"rendered":"<p><a href=\"https:\/\/tv-tregor.com\/web-precedent\/www\/streams\/regularisation.html\" title=\"Regarder le sujet\">Regarder la vid\u00e9o <\/a><\/p>\n<p><a href=\"http:\/\/www.tv-tregor.com\/web-precedent\/www\/streams\/regularisation.html\" title=\"Regarder le sujet\"><img decoding=\"async\" src=\"https:\/\/tv-tregor.com\/web-precedent\/IMG\/jpg\/regularisationg.jpg\" alt=\"regularisationg.jpg\" align=\"center\" \/><\/a> <\/p>\n<p> <BR> Le 13 septembre dernier, plus de 500 manifestants \u00e9taient descendus dans les rues de Lannion pour protester contre le  \u2026  <a href=\"https:\/\/tv-tregor.com\/web-precedent\/2008\/10\/01\/enfin-la-regularisation-415\/\">&#8230;lire le sujet&#8230; <span class=\"meta-nav\">&rarr; <\/span><\/a><\/p>\n","protected":false},"author":1,"featured_media":0,"comment_status":"open","ping_status":"open","sticky":false,"template":"","format":"standard","meta":{"footnotes":""},"categories":[2],"tags":[],"class_list":["post-318","post","type-post","status-publish","format-standard","hentry","category-info-locale"],"_links":{"self":[{"href":"https:\/\/tv-tregor.com\/web-precedent\/wp-json\/wp\/v2\/posts\/318","targetHints":{"allow":["GET"]}}],"collection":[{"href":"https:\/\/tv-tregor.com\/web-precedent\/wp-json\/wp\/v2\/posts"}],"about":[{"href":"https:\/\/tv-tregor.com\/web-precedent\/wp-json\/wp\/v2\/types\/post"}],"author":[{"embeddable":true,"href":"https:\/\/tv-tregor.com\/web-precedent\/wp-json\/wp\/v2\/users\/1"}],"replies":[{"embeddable":true,"href":"https:\/\/tv-tregor.com\/web-precedent\/wp-json\/wp\/v2\/comments?post=318"}],"version-history":[{"count":0,"href":"https:\/\/tv-tregor.com\/web-precedent\/wp-json\/wp\/v2\/posts\/318\/revisions"}],"wp:attachment":[{"href":"https:\/\/tv-tregor.com\/web-precedent\/wp-json\/wp\/v2\/media?parent=318"}],"wp:term":[{"taxonomy":"category","embeddable":true,"href":"https:\/\/tv-tregor.com\/web-precedent\/wp-json\/wp\/v2\/categories?post=318"},{"taxonomy":"post_tag","embeddable":true,"href":"https:\/\/tv-tregor.com\/web-precedent\/wp-json\/wp\/v2\/tags?post=318"}],"curies":[{"name":"wp","href":"https:\/\/api.w.org\/{rel}","templated":true}]}}