{"id":306,"date":"2008-09-10T08:15:00","date_gmt":"2008-09-10T07:15:00","guid":{"rendered":"http:\/\/tv-tregor.com\/web-precedent\/2008\/09\/10\/la-place-des-associations-dans-la-cite-le-debat-4735\/"},"modified":"2016-01-19T15:35:09","modified_gmt":"2016-01-19T14:35:09","slug":"la-place-des-associations-dans-la-cite-le-debat-4735","status":"publish","type":"post","link":"https:\/\/tv-tregor.com\/web-precedent\/2008\/09\/10\/la-place-des-associations-dans-la-cite-le-debat-4735\/","title":{"rendered":"La place des associations dans la cit\u00e9, le d\u00e9bat &#8211; 47&rsquo;35"},"content":{"rendered":"<p><a href=\"https:\/\/tv-tregor.com\/web-precedent\/www\/streams\/debatforum.html\" title=\"Regarder le sujet\">Regarder la vid\u00e9o <\/a><\/p>\n<p><a href=\"http:\/\/www.tv-tregor.com\/web-precedent\/www\/streams\/debatforum.html\" title=\"Regarder le sujet\"><img decoding=\"async\" src=\"https:\/\/tv-tregor.com\/web-precedent\/IMG\/jpg\/forumgg.jpg\" alt=\"forumgg.jpg\" align=\"center\" \/><\/a> <\/p>\n<p> <BR> Comme chaque ann\u00e9e, le Forum des Associations de Lannion aux Ursulines est LE rendez-vous incontournable des associations.  Et cette fois-ci, TV TREGOR y organisait un plateau-d\u00e9bat avec pour th\u00e8me g\u00e9n\u00e9ral : \u00a0\u00bb La vie associative dans la cit\u00e9\u00a0\u00bb .   Sur place, quatre \u00e9lus de Lannion et quatre repr\u00e9sentants d&#8217;associations : Christian Marquet, Maire de Lannion ; Christian Hunaut, adjoint aux sports ; Anne Berrou, adjointe \u00e0 la culture ; Claudine F\u00e9jean, adjointe aux affaires sociales ; Ren\u00e9e Rivoalan, CLCV, Marie-Christine Le Serre, CDVA ; Pierre Adam, ASPTT ; Julien Cornic pour Dastum et Al Levrig.   D\u00e9bat que nous vous proposons de d\u00e9couvrir ou de red\u00e9couvrir.  Consultez \u00e9galement <a href=\"https:\/\/tv-tregor.com\/web-precedent\/2008\/09\/20\/plateau-tv-du-forum-des-associations\/\">l&rsquo;album photos<\/a> de cet \u00e9v\u00e9nement <\/p>\n","protected":false},"excerpt":{"rendered":"<p><a href=\"https:\/\/tv-tregor.com\/web-precedent\/www\/streams\/debatforum.html\" title=\"Regarder le sujet\">Regarder la vid\u00e9o <\/a><\/p>\n<p><a href=\"http:\/\/www.tv-tregor.com\/web-precedent\/www\/streams\/debatforum.html\" title=\"Regarder le sujet\"><img decoding=\"async\" src=\"https:\/\/tv-tregor.com\/web-precedent\/IMG\/jpg\/forumgg.jpg\" alt=\"forumgg.jpg\" align=\"center\" \/><\/a> <\/p>\n<p> <BR> Comme chaque ann\u00e9e, le Forum des Associations de Lannion aux Ursulines est LE rendez-vous incontournable des associations. Et cette  \u2026  <a href=\"https:\/\/tv-tregor.com\/web-precedent\/2008\/09\/10\/la-place-des-associations-dans-la-cite-le-debat-4735\/\">&#8230;lire le sujet&#8230; <span class=\"meta-nav\">&rarr; <\/span><\/a><\/p>\n","protected":false},"author":1,"featured_media":0,"comment_status":"open","ping_status":"open","sticky":false,"template":"","format":"standard","meta":{"footnotes":""},"categories":[2],"tags":[],"class_list":["post-306","post","type-post","status-publish","format-standard","hentry","category-info-locale"],"_links":{"self":[{"href":"https:\/\/tv-tregor.com\/web-precedent\/wp-json\/wp\/v2\/posts\/306","targetHints":{"allow":["GET"]}}],"collection":[{"href":"https:\/\/tv-tregor.com\/web-precedent\/wp-json\/wp\/v2\/posts"}],"about":[{"href":"https:\/\/tv-tregor.com\/web-precedent\/wp-json\/wp\/v2\/types\/post"}],"author":[{"embeddable":true,"href":"https:\/\/tv-tregor.com\/web-precedent\/wp-json\/wp\/v2\/users\/1"}],"replies":[{"embeddable":true,"href":"https:\/\/tv-tregor.com\/web-precedent\/wp-json\/wp\/v2\/comments?post=306"}],"version-history":[{"count":1,"href":"https:\/\/tv-tregor.com\/web-precedent\/wp-json\/wp\/v2\/posts\/306\/revisions"}],"predecessor-version":[{"id":941,"href":"https:\/\/tv-tregor.com\/web-precedent\/wp-json\/wp\/v2\/posts\/306\/revisions\/941"}],"wp:attachment":[{"href":"https:\/\/tv-tregor.com\/web-precedent\/wp-json\/wp\/v2\/media?parent=306"}],"wp:term":[{"taxonomy":"category","embeddable":true,"href":"https:\/\/tv-tregor.com\/web-precedent\/wp-json\/wp\/v2\/categories?post=306"},{"taxonomy":"post_tag","embeddable":true,"href":"https:\/\/tv-tregor.com\/web-precedent\/wp-json\/wp\/v2\/tags?post=306"}],"curies":[{"name":"wp","href":"https:\/\/api.w.org\/{rel}","templated":true}]}}