{"id":304,"date":"2008-09-10T08:05:00","date_gmt":"2008-09-10T07:05:00","guid":{"rendered":"http:\/\/tv-tregor.com\/web-precedent\/2008\/09\/10\/association-des-paralyses-de-france-347\/"},"modified":"2008-09-10T08:05:00","modified_gmt":"2008-09-10T07:05:00","slug":"association-des-paralyses-de-france-347","status":"publish","type":"post","link":"https:\/\/tv-tregor.com\/web-precedent\/2008\/09\/10\/association-des-paralyses-de-france-347\/","title":{"rendered":"Association des Paralys\u00e9s de France &#8211; 3&rsquo;47"},"content":{"rendered":"<p><a href=\"https:\/\/tv-tregor.com\/web-precedent\/www\/streams\/paralyse.html\" title=\"Regarder le sujet\">Regarder la vid\u00e9o <\/a><\/p>\n<p><a href=\"http:\/\/www.tv-tregor.com\/web-precedent\/www\/streams\/paralyse.html\" title=\"Regarder le sujet\"><img decoding=\"async\" src=\"https:\/\/tv-tregor.com\/web-precedent\/IMG\/jpg\/paralysesg.jpg\" alt=\"paralysesg.jpg\" align=\"center\" \/><\/a> <\/p>\n<p> <BR>  Comme chaque ann\u00e9e, le Forum des Associations de Lannion aux Ursulines est LE rendez-vous incontournable des associations.  Cette fois-ci, TV TREGOR \u00e9tait pr\u00e9sente pour donner la possibilit\u00e9 \u00e0 ces diverses structures de se pr\u00e9senter.   Nous voici donc avec l&rsquo;association des Paralys\u00e9s de France.   Association des Paralys\u00e9s de France 86, rue de la Corderie &#8211; 22 000 Saint-Brieuc T\u00e9l : 02 96 33 00 75  Mail : animation.afp22@free.fr<\/p>\n","protected":false},"excerpt":{"rendered":"<p><a href=\"https:\/\/tv-tregor.com\/web-precedent\/www\/streams\/paralyse.html\" title=\"Regarder le sujet\">Regarder la vid\u00e9o <\/a><\/p>\n<p><a href=\"http:\/\/www.tv-tregor.com\/web-precedent\/www\/streams\/paralyse.html\" title=\"Regarder le sujet\"><img decoding=\"async\" src=\"https:\/\/tv-tregor.com\/web-precedent\/IMG\/jpg\/paralysesg.jpg\" alt=\"paralysesg.jpg\" align=\"center\" \/><\/a> <\/p>\n<p> <BR> Comme chaque ann\u00e9e, le Forum des Associations de Lannion aux Ursulines est LE rendez-vous incontournable des associations. Cette fois-ci,  \u2026  <a href=\"https:\/\/tv-tregor.com\/web-precedent\/2008\/09\/10\/association-des-paralyses-de-france-347\/\">&#8230;lire le sujet&#8230; <span class=\"meta-nav\">&rarr; <\/span><\/a><\/p>\n","protected":false},"author":1,"featured_media":0,"comment_status":"open","ping_status":"open","sticky":false,"template":"","format":"standard","meta":{"footnotes":""},"categories":[2],"tags":[],"class_list":["post-304","post","type-post","status-publish","format-standard","hentry","category-info-locale"],"_links":{"self":[{"href":"https:\/\/tv-tregor.com\/web-precedent\/wp-json\/wp\/v2\/posts\/304","targetHints":{"allow":["GET"]}}],"collection":[{"href":"https:\/\/tv-tregor.com\/web-precedent\/wp-json\/wp\/v2\/posts"}],"about":[{"href":"https:\/\/tv-tregor.com\/web-precedent\/wp-json\/wp\/v2\/types\/post"}],"author":[{"embeddable":true,"href":"https:\/\/tv-tregor.com\/web-precedent\/wp-json\/wp\/v2\/users\/1"}],"replies":[{"embeddable":true,"href":"https:\/\/tv-tregor.com\/web-precedent\/wp-json\/wp\/v2\/comments?post=304"}],"version-history":[{"count":0,"href":"https:\/\/tv-tregor.com\/web-precedent\/wp-json\/wp\/v2\/posts\/304\/revisions"}],"wp:attachment":[{"href":"https:\/\/tv-tregor.com\/web-precedent\/wp-json\/wp\/v2\/media?parent=304"}],"wp:term":[{"taxonomy":"category","embeddable":true,"href":"https:\/\/tv-tregor.com\/web-precedent\/wp-json\/wp\/v2\/categories?post=304"},{"taxonomy":"post_tag","embeddable":true,"href":"https:\/\/tv-tregor.com\/web-precedent\/wp-json\/wp\/v2\/tags?post=304"}],"curies":[{"name":"wp","href":"https:\/\/api.w.org\/{rel}","templated":true}]}}