{"id":301,"date":"2008-08-27T08:05:00","date_gmt":"2008-08-27T07:05:00","guid":{"rendered":"http:\/\/tv-tregor.com\/web-precedent\/2008\/08\/27\/rencontre-avec-un-breton-de-coeur-carlos-nunez-907\/"},"modified":"2008-08-27T08:05:00","modified_gmt":"2008-08-27T07:05:00","slug":"rencontre-avec-un-breton-de-coeur-carlos-nunez-907","status":"publish","type":"post","link":"https:\/\/tv-tregor.com\/web-precedent\/2008\/08\/27\/rencontre-avec-un-breton-de-coeur-carlos-nunez-907\/","title":{"rendered":"Rencontre avec un breton de coeur, Carlos Nu\u00f1ez &#8211; 9&rsquo;07"},"content":{"rendered":"<p><a href=\"https:\/\/tv-tregor.com\/web-precedent\/www\/streams\/carlos.html\" title=\"Regarder le sujet\">Regarder la vid\u00e9o <\/a><\/p>\n<p><a href=\"http:\/\/www.tv-tregor.com\/web-precedent\/www\/streams\/carlos.html\" title=\"Regarder le sujet\"><img decoding=\"async\" src=\"https:\/\/tv-tregor.com\/web-precedent\/IMG\/jpg\/hortensiasg.jpg\" alt=\"hortensiasg.jpg\" align=\"center\" \/><\/a> <\/p>\n<p> <BR>  Pour son 25 \u00e8me anniversaire, le festival des hortensias de Perros Guirec a vu les choses en grand&#8230; Six ensembles traditionnels, trois bagads, deux groupes mythiques pour le fest-noz et une l\u00e9gende de la musique celte: Carlos Nu\u00f1ez&#8230;  Le galicien, qui n&rsquo;est pas \u00e0 sa premi\u00e8re fois au festival, a vite retrouv\u00e9 ses habitudes. D\u00e8s le samedi soir, une irr\u00e9sistible envie de danser l&rsquo;An Dro l&rsquo;a pouss\u00e9e \u00e0 se faufiler dans la foule des danseurs r\u00e9unie pour le fest-noz.   Soir\u00e9e mouvement\u00e9e qui ne l&rsquo;a pas emp\u00each\u00e9 d&rsquo;assurer son concert du lendemain.   Deux heures de bonheur celte. Les festivaliers ont \u00e9t\u00e9 combl\u00e9s.  Mais avant cela, le musicien a jou\u00e9 le jeu des journalistes pr\u00e9sents&#8230;    Entretien. <\/p>\n","protected":false},"excerpt":{"rendered":"<p><a href=\"https:\/\/tv-tregor.com\/web-precedent\/www\/streams\/carlos.html\" title=\"Regarder le sujet\">Regarder la vid\u00e9o <\/a><\/p>\n<p><a href=\"http:\/\/www.tv-tregor.com\/web-precedent\/www\/streams\/carlos.html\" title=\"Regarder le sujet\"><img decoding=\"async\" src=\"https:\/\/tv-tregor.com\/web-precedent\/IMG\/jpg\/hortensiasg.jpg\" alt=\"hortensiasg.jpg\" align=\"center\" \/><\/a> <\/p>\n<p> <BR> Pour son 25 \u00e8me anniversaire, le festival des hortensias de Perros Guirec a vu les choses en grand&#8230; Six  \u2026  <a href=\"https:\/\/tv-tregor.com\/web-precedent\/2008\/08\/27\/rencontre-avec-un-breton-de-coeur-carlos-nunez-907\/\">&#8230;lire le sujet&#8230; <span class=\"meta-nav\">&rarr; <\/span><\/a><\/p>\n","protected":false},"author":1,"featured_media":0,"comment_status":"open","ping_status":"open","sticky":false,"template":"","format":"standard","meta":{"footnotes":""},"categories":[39],"tags":[],"class_list":["post-301","post","type-post","status-publish","format-standard","hentry","category-captations"],"_links":{"self":[{"href":"https:\/\/tv-tregor.com\/web-precedent\/wp-json\/wp\/v2\/posts\/301","targetHints":{"allow":["GET"]}}],"collection":[{"href":"https:\/\/tv-tregor.com\/web-precedent\/wp-json\/wp\/v2\/posts"}],"about":[{"href":"https:\/\/tv-tregor.com\/web-precedent\/wp-json\/wp\/v2\/types\/post"}],"author":[{"embeddable":true,"href":"https:\/\/tv-tregor.com\/web-precedent\/wp-json\/wp\/v2\/users\/1"}],"replies":[{"embeddable":true,"href":"https:\/\/tv-tregor.com\/web-precedent\/wp-json\/wp\/v2\/comments?post=301"}],"version-history":[{"count":0,"href":"https:\/\/tv-tregor.com\/web-precedent\/wp-json\/wp\/v2\/posts\/301\/revisions"}],"wp:attachment":[{"href":"https:\/\/tv-tregor.com\/web-precedent\/wp-json\/wp\/v2\/media?parent=301"}],"wp:term":[{"taxonomy":"category","embeddable":true,"href":"https:\/\/tv-tregor.com\/web-precedent\/wp-json\/wp\/v2\/categories?post=301"},{"taxonomy":"post_tag","embeddable":true,"href":"https:\/\/tv-tregor.com\/web-precedent\/wp-json\/wp\/v2\/tags?post=301"}],"curies":[{"name":"wp","href":"https:\/\/api.w.org\/{rel}","templated":true}]}}